{"id":2897,"date":"2024-08-21T09:16:20","date_gmt":"2024-08-21T12:16:20","guid":{"rendered":"https:\/\/impactodenoticias.com.ar\/?p=2897"},"modified":"2024-08-21T09:16:21","modified_gmt":"2024-08-21T12:16:21","slug":"agmer-se-reune-hoy-en-congreso-y-define-si-realiza-nuevas-medidas-de-fuerza","status":"publish","type":"post","link":"https:\/\/impactodenoticias.com.ar\/?p=2897","title":{"rendered":"Agmer se re\u00fane hoy en Congreso y define si realiza nuevas medidas de fuerza"},"content":{"rendered":"\n<p><strong>El gremio docente mayoritario en Entre R\u00edos, puede definir nuevos paros este mi\u00e9rcoles, luego del Congreso que se lleva a cabo en estos momentos en Paran\u00e1.<\/strong><\/p>\n\n\n\n<p>El Congreso de Agmer -Asociaci\u00f3n Gremial del Magisterio de Entre R\u00edos- sesiona esta mi\u00e9rcoles en Paran\u00e1. Los representantes del gremio docente mayoritario en la provincia deber\u00e1n definir las acciones a seguir en el marco del desacuerdo paritario con el Gobierno de la provincia.<\/p>\n\n\n\n<p>La cita es para las 9, en el Sal\u00f3n de ATE en Paran\u00e1.<\/p>\n\n\n\n<p>El encuentro se desarrolla despu\u00e9s que los docentes realizaran varias jornadas de paro en rechazo a los ofrecimientos salariales de la Provincia que, a\u00fan sin acuerdo entre partes, otorgar\u00e1 el aumento por decreto.<\/p>\n\n\n\n<p>El Gobierno de Entre R\u00edos defini\u00f3 que este viernes 23 de agosto pagar\u00e1 el aumento salarial dispuesto por decreto para los docentes de la provincia.<\/p>\n\n\n\n<p>El pago se har\u00e1 por complementaria. En este caso, se aplicar\u00e1 un aumento del 5% correspondiente a los haberes de julio, adem\u00e1s de la primera cuota de $40.000 del bono no remunerativo -$120.000 en tres cuotas-.<\/p>\n\n\n\n<p>Vale recordar que la administraci\u00f3n provincial dispuso otorgar este incremento mediante la firma de un decreto, a pesar del rechazo en paritarias de las cuatro ofertas por parte de los gremios docentes que lo consideraron insuficiente y cuestionaron puntualmente la suma no remunerativa.<\/p>\n\n\n\n<p><strong>El aumento por decreto para los docentes<\/strong><\/p>\n\n\n\n<p>-Aumento del m\u00ednimo docente a un 18,7%, el que llegar\u00e1 a 450.000 pesos.<\/p>\n\n\n\n<p>-Aumento del 5% para el mes de julio.<\/p>\n\n\n\n<p>-Aumento igual a la inflaci\u00f3n para el mes de agosto<\/p>\n\n\n\n<p>-Pago de una suma fija no remunerativa de 120.000 pesos en tres cuotas iguales.<\/p>\n\n\n\n<p>-Se liquidar\u00e1 por complementaria.<\/p>\n\n\n\n<p>-Convocatoria a la mesa t\u00e9cnica con gremios docentes y del escalaf\u00f3n general para la recomposici\u00f3n del primer semestre.<\/p>\n","protected":false},"excerpt":{"rendered":"<p>El gremio docente mayoritario en Entre R&iacute;os, puede definir nuevos paros este mi&eacute;rcoles, luego del Congreso que se lleva a cabo en estos momentos en Paran&aacute;. El Congreso de Agmer -Asociaci&oacute;n Gremial del Magisterio de Entre R&iacute;os- sesiona esta mi&eacute;rcoles en Paran&aacute;. Los representantes del gremio docente mayoritario en la provincia deber&aacute;n definir las acciones [&hellip;]<\/p>\n","protected":false},"author":2,"featured_media":2898,"comment_status":"open","ping_status":"open","sticky":false,"template":"","format":"standard","meta":{"footnotes":""},"categories":[91,4],"tags":[52,53,33,95],"class_list":["post-2897","post","type-post","status-publish","format-standard","has-post-thumbnail","hentry","category-gremiales","category-provinciales","tag-agmer","tag-congreso","tag-entre-rios","tag-parana"],"_links":{"self":[{"href":"https:\/\/impactodenoticias.com.ar\/index.php?rest_route=\/wp\/v2\/posts\/2897","targetHints":{"allow":["GET"]}}],"collection":[{"href":"https:\/\/impactodenoticias.com.ar\/index.php?rest_route=\/wp\/v2\/posts"}],"about":[{"href":"https:\/\/impactodenoticias.com.ar\/index.php?rest_route=\/wp\/v2\/types\/post"}],"author":[{"embeddable":true,"href":"https:\/\/impactodenoticias.com.ar\/index.php?rest_route=\/wp\/v2\/users\/2"}],"replies":[{"embeddable":true,"href":"https:\/\/impactodenoticias.com.ar\/index.php?rest_route=%2Fwp%2Fv2%2Fcomments&post=2897"}],"version-history":[{"count":1,"href":"https:\/\/impactodenoticias.com.ar\/index.php?rest_route=\/wp\/v2\/posts\/2897\/revisions"}],"predecessor-version":[{"id":2899,"href":"https:\/\/impactodenoticias.com.ar\/index.php?rest_route=\/wp\/v2\/posts\/2897\/revisions\/2899"}],"wp:featuredmedia":[{"embeddable":true,"href":"https:\/\/impactodenoticias.com.ar\/index.php?rest_route=\/wp\/v2\/media\/2898"}],"wp:attachment":[{"href":"https:\/\/impactodenoticias.com.ar\/index.php?rest_route=%2Fwp%2Fv2%2Fmedia&parent=2897"}],"wp:term":[{"taxonomy":"category","embeddable":true,"href":"https:\/\/impactodenoticias.com.ar\/index.php?rest_route=%2Fwp%2Fv2%2Fcategories&post=2897"},{"taxonomy":"post_tag","embeddable":true,"href":"https:\/\/impactodenoticias.com.ar\/index.php?rest_route=%2Fwp%2Fv2%2Ftags&post=2897"}],"curies":[{"name":"wp","href":"https:\/\/api.w.org\/{rel}","templated":true}]}}