{"id":2921,"date":"2024-08-21T10:21:28","date_gmt":"2024-08-21T13:21:28","guid":{"rendered":"https:\/\/impactodenoticias.com.ar\/?p=2921"},"modified":"2024-08-21T10:21:29","modified_gmt":"2024-08-21T13:21:29","slug":"parana-un-camion-de-gran-porte-doblo-en-una-esquina-centrica-y-derrumbo-un-poste-de-luminaria","status":"publish","type":"post","link":"https:\/\/impactodenoticias.com.ar\/?p=2921","title":{"rendered":"Paran\u00e1: un cami\u00f3n de gran porte dobl\u00f3 en una esquina c\u00e9ntrica y derrumb\u00f3 un poste de luminaria"},"content":{"rendered":"\n<p><strong>Un cami\u00f3n volte\u00f3 un poste de luz al doblar en la esquina de Alem y Pascual Palma, en pleno centro de la ciudad, el tr\u00e1nsito fue interrumpido, ocurri\u00f3 en horas de la ma\u00f1ana.<\/strong><\/p>\n\n\n\n<p>Un cami\u00f3n de gran porte embisti\u00f3 un poste de luz al intentar doblar en la esquina de Alem y Pascual Palma este mi\u00e9rcoles alrededor de las 9 de la ma\u00f1ana. El rodado de gran porte tumb\u00f3 la luminaria y por el momento el tr\u00e1nsito se encuentra cortado en esa intersecci\u00f3n.<\/p>\n\n\n\n<p><\/p>\n\n\n\n<figure class=\"wp-block-image size-full\"><img loading=\"lazy\" decoding=\"async\" width=\"747\" height=\"433\" src=\"https:\/\/impactodenoticias.com.ar\/wp-content\/uploads\/2024\/08\/scrnli_21_8_2024_10-16-03.png\" alt=\"\" class=\"wp-image-2922\" srcset=\"https:\/\/impactodenoticias.com.ar\/wp-content\/uploads\/2024\/08\/scrnli_21_8_2024_10-16-03.png 747w, https:\/\/impactodenoticias.com.ar\/wp-content\/uploads\/2024\/08\/scrnli_21_8_2024_10-16-03-300x174.png 300w\" sizes=\"auto, (max-width: 747px) 100vw, 747px\" \/><\/figure>\n\n\n\n<p><\/p>\n\n\n\n<p>El veh\u00edculo transitaba por Pascual Palma en sentido norte-sur y cuando intent\u00f3 girar a la derecha para tomar Alem impact\u00f3 con su parte trasera en la base de la columna el\u00e9ctrica, la arranc\u00f3 de cuajo del suelo e incluso parti\u00f3 en sus tramos medios y superiores. Por estas horas el tr\u00e1nsito est\u00e1 interrumpido el ingreso a Pascual Palma por calle Echag\u00fce.<\/p>\n\n\n\n<p>El camionero explic\u00f3 que realiz\u00f3 la maniobra para evitar chocar el auto estacionado en la esquina de Alem pasando Pascual Palma e hizo un giro abierto, lo que desemboc\u00f3 en el impacto contra la luminaria. Se dirig\u00eda al dep\u00f3sito de una cadena de supermercados ubicado a media cuadra de esa esquina. El cami\u00f3n transportaba papel y ven\u00eda de Buenos Aires.<\/p>\n\n\n\n<p>En el lugar se encuentra personal de Tr\u00e1nsito municipal y de la Polic\u00eda, que se hicieron presentes en el lugar para ordenar la circulaci\u00f3n vehicular. Se espera por personal de Alumbrado para reponer el poste de luz destruido as\u00ed como de Enersa para verificar el estado del cableado y la provisi\u00f3n del servicio el\u00e9ctrico en el lugar y los alrededores.<\/p>\n","protected":false},"excerpt":{"rendered":"<p>Un cami&oacute;n volte&oacute; un poste de luz al doblar en la esquina de Alem y Pascual Palma, en pleno centro de la ciudad, el tr&aacute;nsito fue interrumpido, ocurri&oacute; en horas de la ma&ntilde;ana. Un cami&oacute;n de gran porte embisti&oacute; un poste de luz al intentar doblar en la esquina de Alem y Pascual Palma este [&hellip;]<\/p>\n","protected":false},"author":2,"featured_media":2923,"comment_status":"open","ping_status":"open","sticky":false,"template":"","format":"standard","meta":{"footnotes":""},"categories":[3,8],"tags":[545,82,95,1393],"class_list":["post-2921","post","type-post","status-publish","format-standard","has-post-thumbnail","hentry","category-locales","category-policiales","tag-camion","tag-luz","tag-parana","tag-poste"],"_links":{"self":[{"href":"https:\/\/impactodenoticias.com.ar\/index.php?rest_route=\/wp\/v2\/posts\/2921","targetHints":{"allow":["GET"]}}],"collection":[{"href":"https:\/\/impactodenoticias.com.ar\/index.php?rest_route=\/wp\/v2\/posts"}],"about":[{"href":"https:\/\/impactodenoticias.com.ar\/index.php?rest_route=\/wp\/v2\/types\/post"}],"author":[{"embeddable":true,"href":"https:\/\/impactodenoticias.com.ar\/index.php?rest_route=\/wp\/v2\/users\/2"}],"replies":[{"embeddable":true,"href":"https:\/\/impactodenoticias.com.ar\/index.php?rest_route=%2Fwp%2Fv2%2Fcomments&post=2921"}],"version-history":[{"count":1,"href":"https:\/\/impactodenoticias.com.ar\/index.php?rest_route=\/wp\/v2\/posts\/2921\/revisions"}],"predecessor-version":[{"id":2924,"href":"https:\/\/impactodenoticias.com.ar\/index.php?rest_route=\/wp\/v2\/posts\/2921\/revisions\/2924"}],"wp:featuredmedia":[{"embeddable":true,"href":"https:\/\/impactodenoticias.com.ar\/index.php?rest_route=\/wp\/v2\/media\/2923"}],"wp:attachment":[{"href":"https:\/\/impactodenoticias.com.ar\/index.php?rest_route=%2Fwp%2Fv2%2Fmedia&parent=2921"}],"wp:term":[{"taxonomy":"category","embeddable":true,"href":"https:\/\/impactodenoticias.com.ar\/index.php?rest_route=%2Fwp%2Fv2%2Fcategories&post=2921"},{"taxonomy":"post_tag","embeddable":true,"href":"https:\/\/impactodenoticias.com.ar\/index.php?rest_route=%2Fwp%2Fv2%2Ftags&post=2921"}],"curies":[{"name":"wp","href":"https:\/\/api.w.org\/{rel}","templated":true}]}}