{"id":29632,"date":"2025-08-20T21:37:45","date_gmt":"2025-08-21T00:37:45","guid":{"rendered":"https:\/\/impactodenoticias.com.ar\/?p=29632"},"modified":"2025-08-21T10:40:06","modified_gmt":"2025-08-21T13:40:06","slug":"legisladores-entrerrianos-de-frigerio-votaron-a-favor-del-veto-de-javier-milei-y-en-contra-de-nuestros-mayores","status":"publish","type":"post","link":"https:\/\/impactodenoticias.com.ar\/?p=29632","title":{"rendered":"Legisladores entrerrianos de Frigerio votaron a favor del veto de Javier Milei y en contra de nuestros mayores"},"content":{"rendered":"\n<h2 class=\"wp-block-heading\">En el debate por el veto presidencial al proyecto de ley que aumentaba las jubilaciones, los diputados nacionales por Entre R\u00edos mostraron la plena divisi\u00f3n que sostienen en cuanto a este tema. Gustavo Bordet, Tom\u00e1s Ledesma, Carolina Gaillard y Blanca Osuna (Uni\u00f3n por la Patria) votaron por rechazar el veto y ratificar la ley, mientras que Francisco Morchio (PRO), Nancy Ballejos (PRO), Atilio Benedetti (UCR) y Beltr\u00e1n Benedit (La Libertad Avanza) se pronunciaron en favor de sostener la decisi\u00f3n del presidente Javier Milei.<\/h2>\n\n\n\n<p>El oficialismo en la C\u00e1mara baja logr\u00f3 blindar el veto al proyecto de ley de aumento a las jubilaciones. La votaci\u00f3n result\u00f3 con 160 votos a favor, 83 en contra y 6 abstenciones. Al haber 249 legisladores presentes, la mayor\u00eda especial requer\u00eda 166 avales y la oposici\u00f3n se qued\u00f3 a 6 votos de ratificar la insistencia.<\/p>\n\n\n\n<p>A diferencia de lo que se registr\u00f3 el 11 de septiembre del 2024, Independencia y el bloque Producci\u00f3n y Trabajo votaron junto a la oposici\u00f3n a favor de la insistencia del incremento previsional. Pero La Libertad Avanza pudo mantener a los \u201cradicales peluca\u201d y al Pro, de su lado. Por otro lado, los cuatro misioneros de Innovaci\u00f3n Federal se abstuvieron.<\/p>\n\n\n\n<p>Mar\u00eda Eugenia Vidal, repiti\u00f3 la abstenci\u00f3n tal como lo hizo en la votaci\u00f3n de insistencia con la Ley de Emergencia en Discapacidad. Hizo lo propio, la diputada entrerriana Marcela Antola, ausente a la hora de aprobar el tratamiento sobre tablas, tambi\u00e9n se abstuvo.<\/p>\n\n\n\n<p>El texto, que hab\u00eda sido aprobado en Diputados oportunamente con 142 votos a favor, 67 en contra y 19 abstenciones preve\u00eda un aumento de todos los haberes previsionales del 7,2%; un aumento del bono extraordinario -congelado hace m\u00e1s de un a\u00f1o en 70 mil pesos- a 110 mil pesos y su actualizaci\u00f3n mensual por \u00edndice de movilidad; y la transferencia de fondos por parte de la ANSeS a las provincias con cajas previsionales no transferidas.<\/p>\n\n\n\n<p>Tambi\u00e9n se incorporaba por ley la f\u00f3rmula de movilidad que el Poder Ejecutivo instaur\u00f3 a trav\u00e9s del DNU 274\/24. Y se preve\u00eda un cap\u00edtulo referido al financiamiento que incluye medidas como la eliminaci\u00f3n de la exenci\u00f3n del IVA para los directores de empresas; la eliminaci\u00f3n de la exenci\u00f3n de Ganancias a las sociedades de garant\u00eda rec\u00edproca; el ahorro generado por la quita de sobrecargos a los intereses que se logr\u00f3 con el FMI y un redireccionamiento de las partidas destinadas a la SIDE, entre otras.<\/p>\n","protected":false},"excerpt":{"rendered":"<p>En el debate por el veto presidencial al proyecto de ley que aumentaba las jubilaciones, los diputados nacionales por Entre R&iacute;os mostraron la plena divisi&oacute;n que sostienen en cuanto a este tema. Gustavo Bordet, Tom&aacute;s Ledesma, Carolina Gaillard y Blanca Osuna (Uni&oacute;n por la Patria) votaron por rechazar el veto y ratificar la ley, mientras [&hellip;]<\/p>\n","protected":false},"author":2,"featured_media":29633,"comment_status":"closed","ping_status":"closed","sticky":false,"template":"","format":"standard","meta":{"footnotes":""},"categories":[10,11],"tags":[57,2271,1190,1527,5726,39,2323,2349],"class_list":["post-29632","post","type-post","status-publish","format-standard","has-post-thumbnail","hentry","category-nacionales","category-politica","tag-aumento","tag-javier-mileic","tag-jubilados","tag-ley","tag-positivo","tag-rogelio-frigerio","tag-veto","tag-voto"],"_links":{"self":[{"href":"https:\/\/impactodenoticias.com.ar\/index.php?rest_route=\/wp\/v2\/posts\/29632","targetHints":{"allow":["GET"]}}],"collection":[{"href":"https:\/\/impactodenoticias.com.ar\/index.php?rest_route=\/wp\/v2\/posts"}],"about":[{"href":"https:\/\/impactodenoticias.com.ar\/index.php?rest_route=\/wp\/v2\/types\/post"}],"author":[{"embeddable":true,"href":"https:\/\/impactodenoticias.com.ar\/index.php?rest_route=\/wp\/v2\/users\/2"}],"replies":[{"embeddable":true,"href":"https:\/\/impactodenoticias.com.ar\/index.php?rest_route=%2Fwp%2Fv2%2Fcomments&post=29632"}],"version-history":[{"count":1,"href":"https:\/\/impactodenoticias.com.ar\/index.php?rest_route=\/wp\/v2\/posts\/29632\/revisions"}],"predecessor-version":[{"id":29634,"href":"https:\/\/impactodenoticias.com.ar\/index.php?rest_route=\/wp\/v2\/posts\/29632\/revisions\/29634"}],"wp:featuredmedia":[{"embeddable":true,"href":"https:\/\/impactodenoticias.com.ar\/index.php?rest_route=\/wp\/v2\/media\/29633"}],"wp:attachment":[{"href":"https:\/\/impactodenoticias.com.ar\/index.php?rest_route=%2Fwp%2Fv2%2Fmedia&parent=29632"}],"wp:term":[{"taxonomy":"category","embeddable":true,"href":"https:\/\/impactodenoticias.com.ar\/index.php?rest_route=%2Fwp%2Fv2%2Fcategories&post=29632"},{"taxonomy":"post_tag","embeddable":true,"href":"https:\/\/impactodenoticias.com.ar\/index.php?rest_route=%2Fwp%2Fv2%2Ftags&post=29632"}],"curies":[{"name":"wp","href":"https:\/\/api.w.org\/{rel}","templated":true}]}}