{"id":29635,"date":"2025-08-21T09:44:16","date_gmt":"2025-08-21T12:44:16","guid":{"rendered":"https:\/\/impactodenoticias.com.ar\/?p=29635"},"modified":"2025-08-22T09:58:56","modified_gmt":"2025-08-22T12:58:56","slug":"historico-dirigente-radical-de-diamante-suspende-aportes-a-la-ucr-tras-la-alianza-con-la-libertad-avanza","status":"publish","type":"post","link":"https:\/\/impactodenoticias.com.ar\/?p=29635","title":{"rendered":"Hist\u00f3rico dirigente radical de Diamante suspende aportes a la UCR tras la alianza con La Libertad Avanza"},"content":{"rendered":"\n<h2 class=\"wp-block-heading\">Rodolfo Miguel Parente, una figura emblem\u00e1tica de la Uni\u00f3n C\u00edvica Radical (UCR) en Diamante, manifest\u00f3 su profundo rechazo a la reciente alianza del partido con La Libertad Avanza (LLA) mediante una carta dirigida a Alicia Oviedo, presidenta del Comit\u00e9 Provincial de la UCR.<\/h2>\n\n\n\n<p>En su misiva, Parente anunci\u00f3 la suspensi\u00f3n de sus aportes econ\u00f3micos al partido, marcando una postura firme contra lo que considera una traici\u00f3n a los valores hist\u00f3ricos del centenario partido.<\/p>\n\n\n\n<p>Con una trayectoria que abarca m\u00e1s de cinco d\u00e9cadas, Parente rememor\u00f3 en su carta sus inicios en la militancia radical en 1966, incluyendo los dif\u00edciles a\u00f1os de la dictadura, cuando enfrent\u00f3 represi\u00f3n y persecuci\u00f3n. Su historial como concejal, diputado provincial y nacional, y convencional constituyente respalda su autoridad para cuestionar las decisiones actuales del partido, las cuales, seg\u00fan \u00e9l, desvirt\u00faan los principios democr\u00e1ticos, republicanos y federales que la UCR ha defendido tradicionalmente.<\/p>\n\n\n\n<p>El n\u00facleo de su cr\u00edtica se centra en la alianza con La Libertad Avanza, un movimiento que, a su juicio, no comparte los ideales fundacionales del radicalismo. Parente calific\u00f3 a la lista violeta, producto de esta coalici\u00f3n, como una representaci\u00f3n que \u201cen nada refleja los valores de la UCR\u201d. Adem\u00e1s, lament\u00f3 que algunos dirigentes actuales parezcan desconocer la rica historia del partido y el legado de l\u00edderes como Ra\u00fal Alfons\u00edn, s\u00edmbolo de la lucha por la democracia.<\/p>\n\n\n\n<p>En un gesto de protesta, Parente decidi\u00f3 redirigir los fondos que habitualmente destinaba a la UCR hacia instituciones de bien p\u00fablico de Diamante, hasta que el partido en Entre R\u00edos \u201crecupere la sensatez\u201d. Esta medida refleja no solo su descontento, sino tambi\u00e9n su compromiso con la comunidad local, priorizando el bienestar social sobre el apoyo a una conducci\u00f3n que considera errada.Diamante news<\/p>\n\n\n\n<p>La carta de Parente ha desatado un intenso debate en el \u00e1mbito pol\u00edtico de Entre R\u00edos, tanto a nivel local como provincial. Su decisi\u00f3n ha puesto en el centro de la discusi\u00f3n el rumbo que debe tomar la UCR en un contexto pol\u00edtico polarizado, generando opiniones encontradas entre quienes apoyan la alianza con LLA y quienes, como Parente, defienden una identidad radical m\u00e1s tradicional.<\/p>\n","protected":false},"excerpt":{"rendered":"<p>Rodolfo Miguel Parente, una figura emblem&aacute;tica de la Uni&oacute;n C&iacute;vica Radical (UCR) en Diamante, manifest&oacute; su profundo rechazo a la reciente alianza del partido con La Libertad Avanza (LLA) mediante una carta dirigida a Alicia Oviedo, presidenta del Comit&eacute; Provincial de la UCR. En su misiva, Parente anunci&oacute; la suspensi&oacute;n de sus aportes econ&oacute;micos al [&hellip;]<\/p>\n","protected":false},"author":2,"featured_media":29636,"comment_status":"closed","ping_status":"closed","sticky":false,"template":"","format":"standard","meta":{"footnotes":""},"categories":[11,4],"tags":[73,3772,33,495,3257,5727],"class_list":["post-29635","post","type-post","status-publish","format-standard","has-post-thumbnail","hentry","category-politica","category-provinciales","tag-diamante","tag-dirigente","tag-entre-rios","tag-protesta","tag-radical","tag-rodolfo-miguel-parente"],"_links":{"self":[{"href":"https:\/\/impactodenoticias.com.ar\/index.php?rest_route=\/wp\/v2\/posts\/29635","targetHints":{"allow":["GET"]}}],"collection":[{"href":"https:\/\/impactodenoticias.com.ar\/index.php?rest_route=\/wp\/v2\/posts"}],"about":[{"href":"https:\/\/impactodenoticias.com.ar\/index.php?rest_route=\/wp\/v2\/types\/post"}],"author":[{"embeddable":true,"href":"https:\/\/impactodenoticias.com.ar\/index.php?rest_route=\/wp\/v2\/users\/2"}],"replies":[{"embeddable":true,"href":"https:\/\/impactodenoticias.com.ar\/index.php?rest_route=%2Fwp%2Fv2%2Fcomments&post=29635"}],"version-history":[{"count":1,"href":"https:\/\/impactodenoticias.com.ar\/index.php?rest_route=\/wp\/v2\/posts\/29635\/revisions"}],"predecessor-version":[{"id":29637,"href":"https:\/\/impactodenoticias.com.ar\/index.php?rest_route=\/wp\/v2\/posts\/29635\/revisions\/29637"}],"wp:featuredmedia":[{"embeddable":true,"href":"https:\/\/impactodenoticias.com.ar\/index.php?rest_route=\/wp\/v2\/media\/29636"}],"wp:attachment":[{"href":"https:\/\/impactodenoticias.com.ar\/index.php?rest_route=%2Fwp%2Fv2%2Fmedia&parent=29635"}],"wp:term":[{"taxonomy":"category","embeddable":true,"href":"https:\/\/impactodenoticias.com.ar\/index.php?rest_route=%2Fwp%2Fv2%2Fcategories&post=29635"},{"taxonomy":"post_tag","embeddable":true,"href":"https:\/\/impactodenoticias.com.ar\/index.php?rest_route=%2Fwp%2Fv2%2Ftags&post=29635"}],"curies":[{"name":"wp","href":"https:\/\/api.w.org\/{rel}","templated":true}]}}