{"id":29641,"date":"2025-08-21T10:16:22","date_gmt":"2025-08-21T13:16:22","guid":{"rendered":"https:\/\/impactodenoticias.com.ar\/?p=29641"},"modified":"2025-08-22T09:58:48","modified_gmt":"2025-08-22T12:58:48","slug":"los-motivos-que-generaron-el-sorpresivo-corte-de-luz-en-diversos-barrios-de-parana-que-afecto-a-vecinos-y-dejo-sin-agua-varios-barrios","status":"publish","type":"post","link":"https:\/\/impactodenoticias.com.ar\/?p=29641","title":{"rendered":"Los motivos que generaron el sorpresivo corte de luz en diversos barrios de Paran\u00e1 que afect\u00f3 a vecinos y dej\u00f3 sin agua varios barrios"},"content":{"rendered":"\n<h2 class=\"wp-block-heading\">Un corte de luz afect\u00f3 a Paran\u00e1 poco antes de la medianoche de este mi\u00e9rcoles. La interrupci\u00f3n del servicio gener\u00f3, tambi\u00e9n problemas en el suministro de agua potable.<\/h2>\n\n\n\n<p>El corte se produjo por un desperfecto t\u00e9cnico en un transformador, indicaron desde la empresa de distribuci\u00f3n de energ\u00eda el\u00e9ctrica, agregaron que el servicio quedaba temporalmente restringido mientras el personal trabajaba en las reparaciones.<\/p>\n\n\n\n<p>Desde Enersa indicaron que el problema gener\u00f3 cortes en barrios como Rondeau (entre Jos\u00e9 Hern\u00e1ndez y Darwin), Blas Parera (entre Antonio Crespo y El Guayac\u00e1n), Barrio Puerto Barranca, Toma Nueva y Toma Vieja.<\/p>\n\n\n\n<p>Resultaron afectadas adem\u00e1s, zonas del Seminario Paran\u00e1, Rondeau entre Echeverr\u00eda y Jozami; Don Bosco entre Sudam\u00e9rica y Blas Parera; Fraternidad entre Ayacucho y Blas Parera; Suipacha entre Padre Corona y Vucetich; Ayacucho entre La Vieja del Agua y Ambrosetti; y Rondeau entre Francia y Don Bosco.<\/p>\n\n\n\n<p>El corte se extendi\u00f3 hasta alrededor de las tres de la madrugada. Esta situaci\u00f3n gener\u00f3 que durante esas horas, se detuvieran los distintos procesos de potabilizaci\u00f3n y, consecuentemente, la disponibilidad del recurso para su distribuci\u00f3n por la red p\u00fablica, en el ejido urbano de la ciudad.<\/p>\n\n\n\n<p>Cabe se\u00f1alar que sii bien el inconveniente t\u00e9cnico por parte de Enersa no afect\u00f3 a los centros de distribuci\u00f3n Ej\u00e9rcito y Ram\u00edrez, el normal funcionamiento del servicio qued\u00f3 resentido ante la falta de suministro para potabilizar y\/o distribuir.<\/p>\n\n\n\n<p>Una vez restablecida la energ\u00eda el\u00e9ctrica por parte de la empresa Enersa, se reanudaron los distintos procesos operativos de captaci\u00f3n, tratamiento y producci\u00f3n en Toma Nueva y en plantas Echeverr\u00eda y Ram\u00edrez. Conforme los habituales y pertinentes protocolos internos de acci\u00f3n frente a estas contingencias, fue gradual la reactivaci\u00f3n operativa de los sistemas electro-mec\u00e1nicos.<\/p>\n\n\n\n<p>En el caso del centro de distribuci\u00f3n Ram\u00edrez, los trabajos de normalizaci\u00f3n se extender\u00e1n durante esta ma\u00f1ana, ya que el corte de energ\u00eda produjo una falla parcial en el funcionamiento del sistema, en Echeverr\u00eda. Ello impide a\u00fan que el env\u00edo de agua potable para su distribuci\u00f3n desde Ram\u00edrez hacia el casco c\u00e9ntrico de la ciudad \u2013y barrios aleda\u00f1os como San Mart\u00edn, Rocamora, Hip\u00f3dromo y parte de Santa Luc\u00eda\u2013 no trabaja a pleno en su capacidad operativa.<\/p>\n\n\n\n<p>Los centros de distribuci\u00f3n ya han comenzado a recibir nuevamente el vital elemento, por lo que durante la ma\u00f1ana se ir\u00e1 normalizando la prestaci\u00f3n del servicio, tanto en caudales como en presi\u00f3n, en cada sector de la ciudad.<\/p>\n\n\n\n<p>Cale recordar que la situaci\u00f3n producida por el corte de energ\u00eda el\u00e9ctrica, y hasta se pueda completar la activaci\u00f3n completa de los sistemas de producci\u00f3n y distribuci\u00f3n, se registra una transitoria baja presi\u00f3n o falta de suministro en algunos sectores de la ciudad.<\/p>\n\n\n\n<p>Como es habitual, recomiendan a la poblaci\u00f3n que realice un uso racional del agua almacenada en sus tanques de reservas domiciliarios, que ante estas circunstancias permiten contar con el suministro para las actividades esenciales del hogar.<\/p>\n","protected":false},"excerpt":{"rendered":"<p>Un corte de luz afect&oacute; a Paran&aacute; poco antes de la medianoche de este mi&eacute;rcoles. La interrupci&oacute;n del servicio gener&oacute;, tambi&eacute;n problemas en el suministro de agua potable. El corte se produjo por un desperfecto t&eacute;cnico en un transformador, indicaron desde la empresa de distribuci&oacute;n de energ&iacute;a el&eacute;ctrica, agregaron que el servicio quedaba temporalmente restringido [&hellip;]<\/p>\n","protected":false},"author":2,"featured_media":29642,"comment_status":"closed","ping_status":"closed","sticky":false,"template":"","format":"standard","meta":{"footnotes":""},"categories":[3,1902],"tags":[878,882,82,95,5728,1669],"class_list":["post-29641","post","type-post","status-publish","format-standard","has-post-thumbnail","hentry","category-locales","category-municipales","tag-agua","tag-corte","tag-luz","tag-parana","tag-sorpresivo","tag-suministro"],"_links":{"self":[{"href":"https:\/\/impactodenoticias.com.ar\/index.php?rest_route=\/wp\/v2\/posts\/29641","targetHints":{"allow":["GET"]}}],"collection":[{"href":"https:\/\/impactodenoticias.com.ar\/index.php?rest_route=\/wp\/v2\/posts"}],"about":[{"href":"https:\/\/impactodenoticias.com.ar\/index.php?rest_route=\/wp\/v2\/types\/post"}],"author":[{"embeddable":true,"href":"https:\/\/impactodenoticias.com.ar\/index.php?rest_route=\/wp\/v2\/users\/2"}],"replies":[{"embeddable":true,"href":"https:\/\/impactodenoticias.com.ar\/index.php?rest_route=%2Fwp%2Fv2%2Fcomments&post=29641"}],"version-history":[{"count":1,"href":"https:\/\/impactodenoticias.com.ar\/index.php?rest_route=\/wp\/v2\/posts\/29641\/revisions"}],"predecessor-version":[{"id":29643,"href":"https:\/\/impactodenoticias.com.ar\/index.php?rest_route=\/wp\/v2\/posts\/29641\/revisions\/29643"}],"wp:featuredmedia":[{"embeddable":true,"href":"https:\/\/impactodenoticias.com.ar\/index.php?rest_route=\/wp\/v2\/media\/29642"}],"wp:attachment":[{"href":"https:\/\/impactodenoticias.com.ar\/index.php?rest_route=%2Fwp%2Fv2%2Fmedia&parent=29641"}],"wp:term":[{"taxonomy":"category","embeddable":true,"href":"https:\/\/impactodenoticias.com.ar\/index.php?rest_route=%2Fwp%2Fv2%2Fcategories&post=29641"},{"taxonomy":"post_tag","embeddable":true,"href":"https:\/\/impactodenoticias.com.ar\/index.php?rest_route=%2Fwp%2Fv2%2Ftags&post=29641"}],"curies":[{"name":"wp","href":"https:\/\/api.w.org\/{rel}","templated":true}]}}