{"id":29644,"date":"2025-08-21T10:25:38","date_gmt":"2025-08-21T13:25:38","guid":{"rendered":"https:\/\/impactodenoticias.com.ar\/?p=29644"},"modified":"2025-08-21T10:25:39","modified_gmt":"2025-08-21T13:25:39","slug":"parana-delincuente-asaltaron-a-un-moto-uber","status":"publish","type":"post","link":"https:\/\/impactodenoticias.com.ar\/?p=29644","title":{"rendered":"Paran\u00e1: delincuente asaltaron a un moto Uber"},"content":{"rendered":"\n<h2 class=\"wp-block-heading\">El personal policial de Comisar\u00eda Decimoquinta de Paran\u00e1 fueron solicitados en calle Parera y Balb\u00edn, debido a un llamado al 911 alertaba de un il\u00edcito en proceso, que ocurr\u00eda este mi\u00e9rcoles en horas de la noche.<\/h2>\n\n\n\n<p>Una vez en el lugar, persiguieron a un sujeto que tras haber solicitado una moto UBER, le sustrajo la billetera al conductor y se dio a la fuga, el mismo fue interceptado por la Polic\u00eda a los pocos metros.<\/p>\n\n\n\n<p><\/p>\n\n\n\n<figure class=\"wp-block-image size-full\"><img loading=\"lazy\" decoding=\"async\" width=\"696\" height=\"396\" src=\"https:\/\/impactodenoticias.com.ar\/wp-content\/uploads\/2025\/08\/robo-a-moto-uber-parana-1.webp\" alt=\"\" class=\"wp-image-29645\" srcset=\"https:\/\/impactodenoticias.com.ar\/wp-content\/uploads\/2025\/08\/robo-a-moto-uber-parana-1.webp 696w, https:\/\/impactodenoticias.com.ar\/wp-content\/uploads\/2025\/08\/robo-a-moto-uber-parana-1-300x171.webp 300w\" sizes=\"auto, (max-width: 696px) 100vw, 696px\" \/><\/figure>\n\n\n\n<p><\/p>\n\n\n\n<p>Una vez demorado fue palpado y encontraron entre sus prendas la billetera con documentaci\u00f3n y dinero en efectivo del damnificado.<\/p>\n\n\n\n<p>Informado al fiscal, se orden\u00f3 la detenci\u00f3n del delincuente y que las pertenencias fueran entregadas al damnificado.<\/p>\n","protected":false},"excerpt":{"rendered":"<p>El personal policial de Comisar&iacute;a Decimoquinta de Paran&aacute; fueron solicitados en calle Parera y Balb&iacute;n, debido a un llamado al 911 alertaba de un il&iacute;cito en proceso, que ocurr&iacute;a este mi&eacute;rcoles en horas de la noche. Una vez en el lugar, persiguieron a un sujeto que tras haber solicitado una moto UBER, le sustrajo la [&hellip;]<\/p>\n","protected":false},"author":2,"featured_media":29646,"comment_status":"closed","ping_status":"closed","sticky":false,"template":"","format":"standard","meta":{"footnotes":""},"categories":[3,8],"tags":[1144,175,388,95,118,1183],"class_list":["post-29644","post","type-post","status-publish","format-standard","has-post-thumbnail","hentry","category-locales","category-policiales","tag-asalto","tag-detenido","tag-moto","tag-parana","tag-policiales","tag-uber"],"_links":{"self":[{"href":"https:\/\/impactodenoticias.com.ar\/index.php?rest_route=\/wp\/v2\/posts\/29644","targetHints":{"allow":["GET"]}}],"collection":[{"href":"https:\/\/impactodenoticias.com.ar\/index.php?rest_route=\/wp\/v2\/posts"}],"about":[{"href":"https:\/\/impactodenoticias.com.ar\/index.php?rest_route=\/wp\/v2\/types\/post"}],"author":[{"embeddable":true,"href":"https:\/\/impactodenoticias.com.ar\/index.php?rest_route=\/wp\/v2\/users\/2"}],"replies":[{"embeddable":true,"href":"https:\/\/impactodenoticias.com.ar\/index.php?rest_route=%2Fwp%2Fv2%2Fcomments&post=29644"}],"version-history":[{"count":1,"href":"https:\/\/impactodenoticias.com.ar\/index.php?rest_route=\/wp\/v2\/posts\/29644\/revisions"}],"predecessor-version":[{"id":29647,"href":"https:\/\/impactodenoticias.com.ar\/index.php?rest_route=\/wp\/v2\/posts\/29644\/revisions\/29647"}],"wp:featuredmedia":[{"embeddable":true,"href":"https:\/\/impactodenoticias.com.ar\/index.php?rest_route=\/wp\/v2\/media\/29646"}],"wp:attachment":[{"href":"https:\/\/impactodenoticias.com.ar\/index.php?rest_route=%2Fwp%2Fv2%2Fmedia&parent=29644"}],"wp:term":[{"taxonomy":"category","embeddable":true,"href":"https:\/\/impactodenoticias.com.ar\/index.php?rest_route=%2Fwp%2Fv2%2Fcategories&post=29644"},{"taxonomy":"post_tag","embeddable":true,"href":"https:\/\/impactodenoticias.com.ar\/index.php?rest_route=%2Fwp%2Fv2%2Ftags&post=29644"}],"curies":[{"name":"wp","href":"https:\/\/api.w.org\/{rel}","templated":true}]}}