{"id":29648,"date":"2025-08-21T10:32:48","date_gmt":"2025-08-21T13:32:48","guid":{"rendered":"https:\/\/impactodenoticias.com.ar\/?p=29648"},"modified":"2025-08-21T10:32:49","modified_gmt":"2025-08-21T13:32:49","slug":"tragedia-en-rosario-del-tala-hallan-otro-policia-sin-vida-en-su-vivienda","status":"publish","type":"post","link":"https:\/\/impactodenoticias.com.ar\/?p=29648","title":{"rendered":"Tragedia en Rosario del tala: hallan otro polic\u00eda sin vida en su vivienda"},"content":{"rendered":"\n<h2 class=\"wp-block-heading\">Hondo pesar en la despedida de Claudio Alberto Gonz\u00e1lez, un polic\u00eda de Entre R\u00edos de 61 a\u00f1os que se quit\u00f3 la vida en su casa en Rosario del Tala.<\/h2>\n\n\n\n<p>Seg\u00fan se inform\u00f3, trabajaba en la Secretar\u00eda General de la Jefatura Departamental Tala. Era parte tambi\u00e9n de la Comisi\u00f3n Directiva del Centro de Jubilados y Pensionados de la Filial Tala.<\/p>\n\n\n\n<p>Se realiz\u00f3 el cortejo f\u00fanebre y el entierro el mi\u00e9rcoles por la tarde.<\/p>\n","protected":false},"excerpt":{"rendered":"<p>Hondo pesar en la despedida de Claudio Alberto Gonz&aacute;lez, un polic&iacute;a de Entre R&iacute;os de 61 a&ntilde;os que se quit&oacute; la vida en su casa en Rosario del Tala. Seg&uacute;n se inform&oacute;, trabajaba en la Secretar&iacute;a General de la Jefatura Departamental Tala. Era parte tambi&eacute;n de la Comisi&oacute;n Directiva del Centro de Jubilados y Pensionados [&hellip;]<\/p>\n","protected":false},"author":2,"featured_media":29649,"comment_status":"closed","ping_status":"closed","sticky":false,"template":"","format":"standard","meta":{"footnotes":""},"categories":[8,4],"tags":[33,630,2243,118,1981,366],"class_list":["post-29648","post","type-post","status-publish","format-standard","has-post-thumbnail","hentry","category-policiales","category-provinciales","tag-entre-rios","tag-fallecido","tag-policia-3","tag-policiales","tag-rosario-del-tala","tag-vivienda"],"_links":{"self":[{"href":"https:\/\/impactodenoticias.com.ar\/index.php?rest_route=\/wp\/v2\/posts\/29648","targetHints":{"allow":["GET"]}}],"collection":[{"href":"https:\/\/impactodenoticias.com.ar\/index.php?rest_route=\/wp\/v2\/posts"}],"about":[{"href":"https:\/\/impactodenoticias.com.ar\/index.php?rest_route=\/wp\/v2\/types\/post"}],"author":[{"embeddable":true,"href":"https:\/\/impactodenoticias.com.ar\/index.php?rest_route=\/wp\/v2\/users\/2"}],"replies":[{"embeddable":true,"href":"https:\/\/impactodenoticias.com.ar\/index.php?rest_route=%2Fwp%2Fv2%2Fcomments&post=29648"}],"version-history":[{"count":1,"href":"https:\/\/impactodenoticias.com.ar\/index.php?rest_route=\/wp\/v2\/posts\/29648\/revisions"}],"predecessor-version":[{"id":29650,"href":"https:\/\/impactodenoticias.com.ar\/index.php?rest_route=\/wp\/v2\/posts\/29648\/revisions\/29650"}],"wp:featuredmedia":[{"embeddable":true,"href":"https:\/\/impactodenoticias.com.ar\/index.php?rest_route=\/wp\/v2\/media\/29649"}],"wp:attachment":[{"href":"https:\/\/impactodenoticias.com.ar\/index.php?rest_route=%2Fwp%2Fv2%2Fmedia&parent=29648"}],"wp:term":[{"taxonomy":"category","embeddable":true,"href":"https:\/\/impactodenoticias.com.ar\/index.php?rest_route=%2Fwp%2Fv2%2Fcategories&post=29648"},{"taxonomy":"post_tag","embeddable":true,"href":"https:\/\/impactodenoticias.com.ar\/index.php?rest_route=%2Fwp%2Fv2%2Ftags&post=29648"}],"curies":[{"name":"wp","href":"https:\/\/api.w.org\/{rel}","templated":true}]}}