{"id":29651,"date":"2025-08-21T10:37:24","date_gmt":"2025-08-21T13:37:24","guid":{"rendered":"https:\/\/impactodenoticias.com.ar\/?p=29651"},"modified":"2025-08-22T09:58:43","modified_gmt":"2025-08-22T12:58:43","slug":"hondo-pesar-por-el-fallecimiento-de-la-actriz-paranaense-manacha-yanez","status":"publish","type":"post","link":"https:\/\/impactodenoticias.com.ar\/?p=29651","title":{"rendered":"Hondo pesar por el fallecimiento de la actriz paranaense Manacha Ya\u00f1ez"},"content":{"rendered":"\n<h2 class=\"wp-block-heading\">Muri\u00f3 Manacha Ya\u00f1ez, actriz paranaense y referente del ambiente teatral y cultural de la ciudad de Paran\u00e1. \u201cLa Maestra\u201d, como sol\u00edan llamarla en el espect\u00e1culo local, muri\u00f3 este 21 de agosto. Sus restos ser\u00e1n despedidos en la sala de velatorios Sasfer, en calle Urquiza 431.<\/h2>\n\n\n\n<p>Adem\u00e1s de actriz, era docente de teatro y directora y toda su vida se destac\u00f3 por el compromiso con la difusi\u00f3n del arte esc\u00e9nico. Dentro de su vasta trayectoria, cuenta con trabajos en las obras Las caricias perdidas, Por el amor de amar, Muerto sin due\u00f1o, Nuestra Se\u00f1ora de las Nubes y Cartas a Moreno, entre otras.<\/p>\n","protected":false},"excerpt":{"rendered":"<p>Muri&oacute; Manacha Ya&ntilde;ez, actriz paranaense y referente del ambiente teatral y cultural de la ciudad de Paran&aacute;. &ldquo;La Maestra&rdquo;, como sol&iacute;an llamarla en el espect&aacute;culo local, muri&oacute; este 21 de agosto. Sus restos ser&aacute;n despedidos en la sala de velatorios Sasfer, en calle Urquiza 431. Adem&aacute;s de actriz, era docente de teatro y directora y [&hellip;]<\/p>\n","protected":false},"author":2,"featured_media":29652,"comment_status":"closed","ping_status":"closed","sticky":false,"template":"","format":"standard","meta":{"footnotes":""},"categories":[5,4],"tags":[5730,5731,237,5732],"class_list":["post-29651","post","type-post","status-publish","format-standard","has-post-thumbnail","hentry","category-espectaculos","category-provinciales","tag-actriz","tag-manacha-yanez","tag-murio","tag-sasfer"],"_links":{"self":[{"href":"https:\/\/impactodenoticias.com.ar\/index.php?rest_route=\/wp\/v2\/posts\/29651","targetHints":{"allow":["GET"]}}],"collection":[{"href":"https:\/\/impactodenoticias.com.ar\/index.php?rest_route=\/wp\/v2\/posts"}],"about":[{"href":"https:\/\/impactodenoticias.com.ar\/index.php?rest_route=\/wp\/v2\/types\/post"}],"author":[{"embeddable":true,"href":"https:\/\/impactodenoticias.com.ar\/index.php?rest_route=\/wp\/v2\/users\/2"}],"replies":[{"embeddable":true,"href":"https:\/\/impactodenoticias.com.ar\/index.php?rest_route=%2Fwp%2Fv2%2Fcomments&post=29651"}],"version-history":[{"count":1,"href":"https:\/\/impactodenoticias.com.ar\/index.php?rest_route=\/wp\/v2\/posts\/29651\/revisions"}],"predecessor-version":[{"id":29653,"href":"https:\/\/impactodenoticias.com.ar\/index.php?rest_route=\/wp\/v2\/posts\/29651\/revisions\/29653"}],"wp:featuredmedia":[{"embeddable":true,"href":"https:\/\/impactodenoticias.com.ar\/index.php?rest_route=\/wp\/v2\/media\/29652"}],"wp:attachment":[{"href":"https:\/\/impactodenoticias.com.ar\/index.php?rest_route=%2Fwp%2Fv2%2Fmedia&parent=29651"}],"wp:term":[{"taxonomy":"category","embeddable":true,"href":"https:\/\/impactodenoticias.com.ar\/index.php?rest_route=%2Fwp%2Fv2%2Fcategories&post=29651"},{"taxonomy":"post_tag","embeddable":true,"href":"https:\/\/impactodenoticias.com.ar\/index.php?rest_route=%2Fwp%2Fv2%2Ftags&post=29651"}],"curies":[{"name":"wp","href":"https:\/\/api.w.org\/{rel}","templated":true}]}}