{"id":29672,"date":"2025-08-22T09:58:30","date_gmt":"2025-08-22T12:58:30","guid":{"rendered":"https:\/\/impactodenoticias.com.ar\/?p=29672"},"modified":"2025-08-23T09:31:46","modified_gmt":"2025-08-23T12:31:46","slug":"michel-desafia-a-debatir-a-lauman","status":"publish","type":"post","link":"https:\/\/impactodenoticias.com.ar\/?p=29672","title":{"rendered":"Michel desaf\u00eda a debatir a Lauman"},"content":{"rendered":"\n<h2 class=\"wp-block-heading\">El candidato a diputado nacional por Fuerza Entre R\u00edos, Guillermo Michel, convoc\u00f3 a debatir a uno de los adversarios pol\u00edticos con quienes competiran en las elecciones legislativas de octubre, en este caso con Andr\u00e9s Laumann, el candidato de la Alianza la Libertad Avanza.<\/h2>\n\n\n\n<p>\u201cEn el marco del proceso electoral y teniendo en cuenta la importancia del debate de ideas en democracia, convoco formalmente a Andr\u00e9s Laumann a debatir, en un \u00e1mbito de respeto y cordialidad, sobre la situaci\u00f3n actual y el futuro de Entre R\u00edos y del pa\u00eds, en la fecha y en el lugar que disponga\u201d, subi\u00f3 Michel en su cuenta de X.<\/p>\n\n\n\n<p><\/p>\n\n\n\n<blockquote class=\"twitter-tweet\"><p lang=\"es\" dir=\"ltr\">En el marco del proceso electoral y teniendo en cuenta la importancia del debate de ideas en democracia, convoco formalmente a <a href=\"https:\/\/twitter.com\/laumann_andres?ref_src=twsrc%5Etfw\">@laumann_andres<\/a> a debatir, en un \u00e1mbito de respeto y cordialidad, sobre la situaci\u00f3n actual y el futuro de Entre R\u00edos y del pa\u00eds, en la fecha y en el\u2026<\/p>&mdash; Guillermo Michel (@MichelGuilleOK) <a href=\"https:\/\/twitter.com\/MichelGuilleOK\/status\/1958484444429340847?ref_src=twsrc%5Etfw\">August 21, 2025<\/a><\/blockquote> <script async src=\"https:\/\/platform.twitter.com\/widgets.js\" charset=\"utf-8\"><\/script>\n\n\n\n<p><\/p>\n\n\n\n<p>\u201cEn esta elecci\u00f3n se define el modelo de pa\u00eds y provincia que proponen La Libertad Avanza, por un lado, y el Peronismo, por otro\u201d, sostuvo, por lo que consider\u00f3 que \u201ces importante que los entrerrianos tengan la oportunidad de escuchar a los candidatos a diputados nacionales que representan a esos modelos\u201d, agreg\u00f3.<\/p>\n","protected":false},"excerpt":{"rendered":"<p>El candidato a diputado nacional por Fuerza Entre R&iacute;os, Guillermo Michel, convoc&oacute; a debatir a uno de los adversarios pol&iacute;ticos con quienes competiran en las elecciones legislativas de octubre, en este caso con Andr&eacute;s Laumann, el candidato de la Alianza la Libertad Avanza. &ldquo;En el marco del proceso electoral y teniendo en cuenta la importancia [&hellip;]<\/p>\n","protected":false},"author":2,"featured_media":29673,"comment_status":"closed","ping_status":"closed","sticky":false,"template":"","format":"standard","meta":{"footnotes":""},"categories":[11,4],"tags":[5738,1153,5737],"class_list":["post-29672","post","type-post","status-publish","format-standard","has-post-thumbnail","hentry","category-politica","category-provinciales","tag-andres-lauman","tag-debate","tag-guillemo-michel"],"_links":{"self":[{"href":"https:\/\/impactodenoticias.com.ar\/index.php?rest_route=\/wp\/v2\/posts\/29672","targetHints":{"allow":["GET"]}}],"collection":[{"href":"https:\/\/impactodenoticias.com.ar\/index.php?rest_route=\/wp\/v2\/posts"}],"about":[{"href":"https:\/\/impactodenoticias.com.ar\/index.php?rest_route=\/wp\/v2\/types\/post"}],"author":[{"embeddable":true,"href":"https:\/\/impactodenoticias.com.ar\/index.php?rest_route=\/wp\/v2\/users\/2"}],"replies":[{"embeddable":true,"href":"https:\/\/impactodenoticias.com.ar\/index.php?rest_route=%2Fwp%2Fv2%2Fcomments&post=29672"}],"version-history":[{"count":1,"href":"https:\/\/impactodenoticias.com.ar\/index.php?rest_route=\/wp\/v2\/posts\/29672\/revisions"}],"predecessor-version":[{"id":29674,"href":"https:\/\/impactodenoticias.com.ar\/index.php?rest_route=\/wp\/v2\/posts\/29672\/revisions\/29674"}],"wp:featuredmedia":[{"embeddable":true,"href":"https:\/\/impactodenoticias.com.ar\/index.php?rest_route=\/wp\/v2\/media\/29673"}],"wp:attachment":[{"href":"https:\/\/impactodenoticias.com.ar\/index.php?rest_route=%2Fwp%2Fv2%2Fmedia&parent=29672"}],"wp:term":[{"taxonomy":"category","embeddable":true,"href":"https:\/\/impactodenoticias.com.ar\/index.php?rest_route=%2Fwp%2Fv2%2Fcategories&post=29672"},{"taxonomy":"post_tag","embeddable":true,"href":"https:\/\/impactodenoticias.com.ar\/index.php?rest_route=%2Fwp%2Fv2%2Ftags&post=29672"}],"curies":[{"name":"wp","href":"https:\/\/api.w.org\/{rel}","templated":true}]}}