{"id":29683,"date":"2025-08-23T09:23:30","date_gmt":"2025-08-23T12:23:30","guid":{"rendered":"https:\/\/impactodenoticias.com.ar\/?p=29683"},"modified":"2025-08-23T09:23:31","modified_gmt":"2025-08-23T12:23:31","slug":"concepcion-del-uruguay-conductor-en-estado-de-ebriedad-termico-volcando-con-su-vehiculo","status":"publish","type":"post","link":"https:\/\/impactodenoticias.com.ar\/?p=29683","title":{"rendered":"Concepci\u00f3n del Uruguay: conductor en estado de ebriedad termic\u00f3 volcando con su veh\u00edculo"},"content":{"rendered":"\n<h2 class=\"wp-block-heading\">Un hombre protagoniz\u00f3 un impactante vuelco en el ingreso a Concepci\u00f3n del Uruguay, ocurri\u00f3 en la madrugada. <\/h2>\n\n\n\n<p>Afortunadamente, no se registraron heridos de gravedad. Seg\u00fan el reporte policial, el conductor protagonista conduc\u00eda en \u201caparente estado de ebriedad\u201d, situaci\u00f3n que ni siquiera le permiti\u00f3 relatar el episodio.<\/p>\n\n\n\n<p>Seg\u00fan se inform\u00f3 a <strong>IMPACTO DE NOTICIAS<\/strong>, el accidente de tr\u00e1nsito se produjo alrededor de las 6:10 en la intersecci\u00f3n de las calles J.J. Bruno y 36 del Oeste. El conductor, un hombre de 54 a\u00f1os, fue asistido en el lugar. Se trasladaba un Ford Fiesta de color negro, que qued\u00f3 con las ruedas hacia arriba.<\/p>\n\n\n\n<p>\u201cEl hombre fue examinado por un m\u00e9dico de la polic\u00eda, quien constat\u00f3 que las lesiones eran de car\u00e1cter leve. Si bien el conductor no pudo prestar declaraci\u00f3n en el lugar debido al presunto estado de ebriedad, el incidente no provoc\u00f3 mayores complicaciones\u201d, se\u00f1alaron desde la fuerza policial.<\/p>\n","protected":false},"excerpt":{"rendered":"<p>Un hombre protagoniz&oacute; un impactante vuelco en el ingreso a Concepci&oacute;n del Uruguay, ocurri&oacute; en la madrugada. Afortunadamente, no se registraron heridos de gravedad. Seg&uacute;n el reporte policial, el conductor protagonista conduc&iacute;a en &ldquo;aparente estado de ebriedad&rdquo;, situaci&oacute;n que ni siquiera le permiti&oacute; relatar el episodio. Seg&uacute;n se inform&oacute; a IMPACTO DE NOTICIAS, el accidente [&hellip;]<\/p>\n","protected":false},"author":2,"featured_media":29684,"comment_status":"closed","ping_status":"closed","sticky":false,"template":"","format":"standard","meta":{"footnotes":""},"categories":[8,4],"tags":[120,324,118,336],"class_list":["post-29683","post","type-post","status-publish","format-standard","has-post-thumbnail","hentry","category-policiales","category-provinciales","tag-accidente","tag-concepcion-del-uruguay","tag-policiales","tag-vuelco"],"_links":{"self":[{"href":"https:\/\/impactodenoticias.com.ar\/index.php?rest_route=\/wp\/v2\/posts\/29683","targetHints":{"allow":["GET"]}}],"collection":[{"href":"https:\/\/impactodenoticias.com.ar\/index.php?rest_route=\/wp\/v2\/posts"}],"about":[{"href":"https:\/\/impactodenoticias.com.ar\/index.php?rest_route=\/wp\/v2\/types\/post"}],"author":[{"embeddable":true,"href":"https:\/\/impactodenoticias.com.ar\/index.php?rest_route=\/wp\/v2\/users\/2"}],"replies":[{"embeddable":true,"href":"https:\/\/impactodenoticias.com.ar\/index.php?rest_route=%2Fwp%2Fv2%2Fcomments&post=29683"}],"version-history":[{"count":1,"href":"https:\/\/impactodenoticias.com.ar\/index.php?rest_route=\/wp\/v2\/posts\/29683\/revisions"}],"predecessor-version":[{"id":29685,"href":"https:\/\/impactodenoticias.com.ar\/index.php?rest_route=\/wp\/v2\/posts\/29683\/revisions\/29685"}],"wp:featuredmedia":[{"embeddable":true,"href":"https:\/\/impactodenoticias.com.ar\/index.php?rest_route=\/wp\/v2\/media\/29684"}],"wp:attachment":[{"href":"https:\/\/impactodenoticias.com.ar\/index.php?rest_route=%2Fwp%2Fv2%2Fmedia&parent=29683"}],"wp:term":[{"taxonomy":"category","embeddable":true,"href":"https:\/\/impactodenoticias.com.ar\/index.php?rest_route=%2Fwp%2Fv2%2Fcategories&post=29683"},{"taxonomy":"post_tag","embeddable":true,"href":"https:\/\/impactodenoticias.com.ar\/index.php?rest_route=%2Fwp%2Fv2%2Ftags&post=29683"}],"curies":[{"name":"wp","href":"https:\/\/api.w.org\/{rel}","templated":true}]}}