{"id":2970,"date":"2024-08-22T10:09:10","date_gmt":"2024-08-22T13:09:10","guid":{"rendered":"https:\/\/impactodenoticias.com.ar\/?p=2970"},"modified":"2024-08-22T10:09:10","modified_gmt":"2024-08-22T13:09:10","slug":"delincuentes-irrumpieron-en-un-almacen-en-colonia-racedo-y-maniataron-al-dueno-para-luego-robar-el-comercio","status":"publish","type":"post","link":"https:\/\/impactodenoticias.com.ar\/?p=2970","title":{"rendered":"Delincuentes irrumpieron en un almac\u00e9n en Colonia Racedo y maniataron al due\u00f1o para luego robar el comercio"},"content":{"rendered":"\n<p><strong>Sujetos encapuchados perpetraron un violento robo en un local en Ruta 14. La Polic\u00eda arm\u00f3 un operativo de b\u00fasqueda para encontrarlos.<\/strong><\/p>\n\n\n\n<p>Comercio padeci\u00f3 un violento asalto en Colonia Racedo en Ruta 14.. El asalto se produjo este mi\u00e9rcoles por la noche, cuando sujetos encapuchados ingresaron a un local, maniataron al due\u00f1o y a un empleado. La Polic\u00eda inici\u00f3 r\u00e1pidamente un operativo de b\u00fasqueda para dar con los autores.<\/p>\n\n\n\n<p>El asalto ocurri\u00f3 en el almac\u00e9n de campo \u201cEl \u00e1rbol solo\u201d, ubicado en el kil\u00f3metro 300 de la Autov\u00eda 14 \u201cJos\u00e9 Gervasio Artigas\u201d. Por el momento se desconoce el monto de dinero sustra\u00eddo, y qu\u00e9 otros elementos se habr\u00edan llevado los delincuentes.<\/p>\n\n\n\n<p>El despliegue policial detr\u00e1s de los violentos asaltantes implic\u00f3 controles de veh\u00edculos en distintos puntos de la ruta, entre ellos en el acceso a Chajar\u00ed, con la participaci\u00f3n de efectivos de las distintas comisar\u00edas, de la Jefatura Departamental y de los puestos camineros de la zona, se\u00f1alaron fuentes policiales.<\/p>\n","protected":false},"excerpt":{"rendered":"<p>Sujetos encapuchados perpetraron un violento robo en un local en Ruta 14. La Polic&iacute;a arm&oacute; un operativo de b&uacute;squeda para encontrarlos. Comercio padeci&oacute; un violento asalto en Colonia Racedo en Ruta 14.. El asalto se produjo este mi&eacute;rcoles por la noche, cuando sujetos encapuchados ingresaron a un local, maniataron al due&ntilde;o y a un empleado. [&hellip;]<\/p>\n","protected":false},"author":2,"featured_media":2971,"comment_status":"open","ping_status":"open","sticky":false,"template":"","format":"standard","meta":{"footnotes":""},"categories":[8,4],"tags":[1144,1416,1415,1417,828],"class_list":["post-2970","post","type-post","status-publish","format-standard","has-post-thumbnail","hentry","category-policiales","category-provinciales","tag-asalto","tag-colonia-racedo","tag-comercio","tag-el-arbol-solo","tag-ruta-14"],"_links":{"self":[{"href":"https:\/\/impactodenoticias.com.ar\/index.php?rest_route=\/wp\/v2\/posts\/2970","targetHints":{"allow":["GET"]}}],"collection":[{"href":"https:\/\/impactodenoticias.com.ar\/index.php?rest_route=\/wp\/v2\/posts"}],"about":[{"href":"https:\/\/impactodenoticias.com.ar\/index.php?rest_route=\/wp\/v2\/types\/post"}],"author":[{"embeddable":true,"href":"https:\/\/impactodenoticias.com.ar\/index.php?rest_route=\/wp\/v2\/users\/2"}],"replies":[{"embeddable":true,"href":"https:\/\/impactodenoticias.com.ar\/index.php?rest_route=%2Fwp%2Fv2%2Fcomments&post=2970"}],"version-history":[{"count":1,"href":"https:\/\/impactodenoticias.com.ar\/index.php?rest_route=\/wp\/v2\/posts\/2970\/revisions"}],"predecessor-version":[{"id":2972,"href":"https:\/\/impactodenoticias.com.ar\/index.php?rest_route=\/wp\/v2\/posts\/2970\/revisions\/2972"}],"wp:featuredmedia":[{"embeddable":true,"href":"https:\/\/impactodenoticias.com.ar\/index.php?rest_route=\/wp\/v2\/media\/2971"}],"wp:attachment":[{"href":"https:\/\/impactodenoticias.com.ar\/index.php?rest_route=%2Fwp%2Fv2%2Fmedia&parent=2970"}],"wp:term":[{"taxonomy":"category","embeddable":true,"href":"https:\/\/impactodenoticias.com.ar\/index.php?rest_route=%2Fwp%2Fv2%2Fcategories&post=2970"},{"taxonomy":"post_tag","embeddable":true,"href":"https:\/\/impactodenoticias.com.ar\/index.php?rest_route=%2Fwp%2Fv2%2Ftags&post=2970"}],"curies":[{"name":"wp","href":"https:\/\/api.w.org\/{rel}","templated":true}]}}