{"id":29705,"date":"2025-08-24T10:48:11","date_gmt":"2025-08-24T13:48:11","guid":{"rendered":"https:\/\/impactodenoticias.com.ar\/?p=29705"},"modified":"2025-08-24T10:48:12","modified_gmt":"2025-08-24T13:48:12","slug":"victoria-se-llevaron-a-cabo-allanamientos-simultaneos-y-se-logro-desarticular-una-red-de-narcomenudeo-familiar","status":"publish","type":"post","link":"https:\/\/impactodenoticias.com.ar\/?p=29705","title":{"rendered":"Victoria: se llevaron a cabo allanamientos simult\u00e1neos y se logr\u00f3 desarticular una red de narcomenudeo familiar"},"content":{"rendered":"\n<h2 class=\"wp-block-heading\">Tras tres semanas de investigaci\u00f3n, personal de la Divisi\u00f3n Drogas Peligrosas de Victoria, con apoyo del Grupo Especial y efectivos de la Jefatura Departamental Diamante, realizaron dos allanamientos positivos simult\u00e1neos en distintos barrios de la ciudad de Victoria.<\/h2>\n\n\n\n<p>Seg\u00fan se inform\u00f3 a <strong>IMPACTO DE NOTICIAS<\/strong>, las medidas se enmarcan en la Ley Provincial N\u00b0 10.566 de Narcomenudeo y fueron ordenadas por el Juzgado de Garant\u00edas y Transici\u00f3n de Victoria, a cargo del juez Jos\u00e9 Alejandro Calleja, con intervenci\u00f3n del fiscal Iv\u00e1n Ezequiel Yedro.<\/p>\n\n\n\n<p>Los operativos se llevaron a cabo en el barrio Garrotazo, donde se detect\u00f3 que uno de los investigados ocultaba sustancias il\u00edcitas en la vivienda de su suegro. El otro domicilio requisado se encuentra en barrio Zanja de Joti.<\/p>\n\n\n\n<p><\/p>\n\n\n\n<figure class=\"wp-block-image size-full\"><img loading=\"lazy\" decoding=\"async\" width=\"696\" height=\"927\" src=\"https:\/\/impactodenoticias.com.ar\/wp-content\/uploads\/2025\/08\/Victoria-Allanamientos-1.webp\" alt=\"\" class=\"wp-image-29706\" srcset=\"https:\/\/impactodenoticias.com.ar\/wp-content\/uploads\/2025\/08\/Victoria-Allanamientos-1.webp 696w, https:\/\/impactodenoticias.com.ar\/wp-content\/uploads\/2025\/08\/Victoria-Allanamientos-1-225x300.webp 225w\" sizes=\"auto, (max-width: 696px) 100vw, 696px\" \/><\/figure>\n\n\n\n<p><\/p>\n\n\n\n<p>En las casas se secuestraron envoltorios con clorhidrato de coca\u00edna, cigarrillos, cogollos y plantines de cannabis sativa, una balanza digital y utensilios con restos de coca\u00edna, un arma de fabricaci\u00f3n casera con cartuchos calibre .22, cinco tel\u00e9fonos celulares y una tarjeta SIM, adem\u00e1s se secuestr\u00f3 dinero en efectivo y recortes y anotaciones vinculadas a la actividad il\u00edcita.<\/p>\n\n\n\n<p>Tres personas fueron identificadas, y se orden\u00f3 la detenci\u00f3n e incomunicaci\u00f3n de dos hombres y una mujer, todos mayores de edad. Uno de los detenidos posee antecedentes policiales en Entre R\u00edos y Santa Fe, incluyendo una condena por homicidio.<\/p>\n\n\n\n<p>Seg\u00fan informaci\u00f3n brindada por fuentes oficiales, los aprehendidos son familiares directos \u2014suegro y yerno\u2014 lo que revela una connivencia familiar en el desarrollo de la actividad delictiva.<\/p>\n","protected":false},"excerpt":{"rendered":"<p>Tras tres semanas de investigaci&oacute;n, personal de la Divisi&oacute;n Drogas Peligrosas de Victoria, con apoyo del Grupo Especial y efectivos de la Jefatura Departamental Diamante, realizaron dos allanamientos positivos simult&aacute;neos en distintos barrios de la ciudad de Victoria. Seg&uacute;n se inform&oacute; a IMPACTO DE NOTICIAS, las medidas se enmarcan en la Ley Provincial N&deg; 10.566 [&hellip;]<\/p>\n","protected":false},"author":2,"featured_media":29708,"comment_status":"closed","ping_status":"closed","sticky":false,"template":"","format":"standard","meta":{"footnotes":""},"categories":[8,4],"tags":[1136,412,568],"class_list":["post-29705","post","type-post","status-publish","format-standard","has-post-thumbnail","hentry","category-policiales","category-provinciales","tag-allanamientos","tag-drogas","tag-victoria"],"_links":{"self":[{"href":"https:\/\/impactodenoticias.com.ar\/index.php?rest_route=\/wp\/v2\/posts\/29705","targetHints":{"allow":["GET"]}}],"collection":[{"href":"https:\/\/impactodenoticias.com.ar\/index.php?rest_route=\/wp\/v2\/posts"}],"about":[{"href":"https:\/\/impactodenoticias.com.ar\/index.php?rest_route=\/wp\/v2\/types\/post"}],"author":[{"embeddable":true,"href":"https:\/\/impactodenoticias.com.ar\/index.php?rest_route=\/wp\/v2\/users\/2"}],"replies":[{"embeddable":true,"href":"https:\/\/impactodenoticias.com.ar\/index.php?rest_route=%2Fwp%2Fv2%2Fcomments&post=29705"}],"version-history":[{"count":1,"href":"https:\/\/impactodenoticias.com.ar\/index.php?rest_route=\/wp\/v2\/posts\/29705\/revisions"}],"predecessor-version":[{"id":29709,"href":"https:\/\/impactodenoticias.com.ar\/index.php?rest_route=\/wp\/v2\/posts\/29705\/revisions\/29709"}],"wp:featuredmedia":[{"embeddable":true,"href":"https:\/\/impactodenoticias.com.ar\/index.php?rest_route=\/wp\/v2\/media\/29708"}],"wp:attachment":[{"href":"https:\/\/impactodenoticias.com.ar\/index.php?rest_route=%2Fwp%2Fv2%2Fmedia&parent=29705"}],"wp:term":[{"taxonomy":"category","embeddable":true,"href":"https:\/\/impactodenoticias.com.ar\/index.php?rest_route=%2Fwp%2Fv2%2Fcategories&post=29705"},{"taxonomy":"post_tag","embeddable":true,"href":"https:\/\/impactodenoticias.com.ar\/index.php?rest_route=%2Fwp%2Fv2%2Ftags&post=29705"}],"curies":[{"name":"wp","href":"https:\/\/api.w.org\/{rel}","templated":true}]}}