{"id":29721,"date":"2025-08-25T17:49:52","date_gmt":"2025-08-25T20:49:52","guid":{"rendered":"https:\/\/impactodenoticias.com.ar\/?p=29721"},"modified":"2025-08-25T17:49:53","modified_gmt":"2025-08-25T20:49:53","slug":"parana-conductor-que-circulaba-a-gran-velocidad-embistio-un-vehiculo-estacionado-y-termino-volcando","status":"publish","type":"post","link":"https:\/\/impactodenoticias.com.ar\/?p=29721","title":{"rendered":"Paran\u00e1: conductor que circulaba a gran velocidad embisti\u00f3 un veh\u00edculo estacionado y termin\u00f3 volcando"},"content":{"rendered":"\n<h2 class=\"wp-block-heading\">Un automovilista protagoniz\u00f3 un violento accidente de tr\u00e1nsito este lunes en horas de la ma\u00f1ana en calle Echag\u00fce al 883 de Paran\u00e1. Se produjo aproximadamente a las 7:30, en inmediaciones de Cura \u00c1lvarez.<\/h2>\n\n\n\n<p>Un veh\u00edculo Citro\u00ebn C-Elysee circulaba por dicha arteria y su conductor perdi\u00f3 el control por causas que se investigan y termin\u00f3 embistiendo a un Renault Kangoo PH3 gris que se encontraba estacionado.<\/p>\n\n\n\n<p><\/p>\n\n\n\n<figure class=\"wp-block-image size-full\"><img loading=\"lazy\" decoding=\"async\" width=\"696\" height=\"392\" src=\"https:\/\/impactodenoticias.com.ar\/wp-content\/uploads\/2025\/08\/Parana-Choque-Vuelco-1.webp\" alt=\"\" class=\"wp-image-29722\" srcset=\"https:\/\/impactodenoticias.com.ar\/wp-content\/uploads\/2025\/08\/Parana-Choque-Vuelco-1.webp 696w, https:\/\/impactodenoticias.com.ar\/wp-content\/uploads\/2025\/08\/Parana-Choque-Vuelco-1-300x169.webp 300w\" sizes=\"auto, (max-width: 696px) 100vw, 696px\" \/><\/figure>\n\n\n\n<p><\/p>\n\n\n\n<p>Debido a la violencia del impacto, el veh\u00edculo en movimiento volc\u00f3, pero volvi\u00f3 a su posici\u00f3n normal y qued\u00f3 sobre la garita de \u00f3mnibus frente a la plazoleta.<\/p>\n\n\n\n<p>Afortunadamente el conductor no sufri\u00f3 lesiones visibles y se neg\u00f3 a recibir asistencia m\u00e9dica en el lugar. Personal de Tr\u00e1nsito Municipal intervino para realizar las diligencias correspondientes y esclarecer las circunstancias del incidente.<\/p>\n\n\n\n<p>No se registraron heridos ni da\u00f1os mayores a terceros. El tr\u00e1nsito fue restablecido con normalidad tras las tareas de rutina para este tipo de hechos.<\/p>\n","protected":false},"excerpt":{"rendered":"<p>Un automovilista protagoniz&oacute; un violento accidente de tr&aacute;nsito este lunes en horas de la ma&ntilde;ana en calle Echag&uuml;e al 883 de Paran&aacute;. Se produjo aproximadamente a las 7:30, en inmediaciones de Cura &Aacute;lvarez. Un veh&iacute;culo Citro&euml;n C-Elysee circulaba por dicha arteria y su conductor perdi&oacute; el control por causas que se investigan y termin&oacute; embistiendo [&hellip;]<\/p>\n","protected":false},"author":2,"featured_media":29723,"comment_status":"closed","ping_status":"closed","sticky":false,"template":"","format":"standard","meta":{"footnotes":""},"categories":[3,8],"tags":[2377,652,515,95,118,336],"class_list":["post-29721","post","type-post","status-publish","format-standard","has-post-thumbnail","hentry","category-locales","category-policiales","tag-avenida","tag-choque","tag-echague","tag-parana","tag-policiales","tag-vuelco"],"_links":{"self":[{"href":"https:\/\/impactodenoticias.com.ar\/index.php?rest_route=\/wp\/v2\/posts\/29721","targetHints":{"allow":["GET"]}}],"collection":[{"href":"https:\/\/impactodenoticias.com.ar\/index.php?rest_route=\/wp\/v2\/posts"}],"about":[{"href":"https:\/\/impactodenoticias.com.ar\/index.php?rest_route=\/wp\/v2\/types\/post"}],"author":[{"embeddable":true,"href":"https:\/\/impactodenoticias.com.ar\/index.php?rest_route=\/wp\/v2\/users\/2"}],"replies":[{"embeddable":true,"href":"https:\/\/impactodenoticias.com.ar\/index.php?rest_route=%2Fwp%2Fv2%2Fcomments&post=29721"}],"version-history":[{"count":1,"href":"https:\/\/impactodenoticias.com.ar\/index.php?rest_route=\/wp\/v2\/posts\/29721\/revisions"}],"predecessor-version":[{"id":29724,"href":"https:\/\/impactodenoticias.com.ar\/index.php?rest_route=\/wp\/v2\/posts\/29721\/revisions\/29724"}],"wp:featuredmedia":[{"embeddable":true,"href":"https:\/\/impactodenoticias.com.ar\/index.php?rest_route=\/wp\/v2\/media\/29723"}],"wp:attachment":[{"href":"https:\/\/impactodenoticias.com.ar\/index.php?rest_route=%2Fwp%2Fv2%2Fmedia&parent=29721"}],"wp:term":[{"taxonomy":"category","embeddable":true,"href":"https:\/\/impactodenoticias.com.ar\/index.php?rest_route=%2Fwp%2Fv2%2Fcategories&post=29721"},{"taxonomy":"post_tag","embeddable":true,"href":"https:\/\/impactodenoticias.com.ar\/index.php?rest_route=%2Fwp%2Fv2%2Ftags&post=29721"}],"curies":[{"name":"wp","href":"https:\/\/api.w.org\/{rel}","templated":true}]}}