{"id":29743,"date":"2025-08-26T09:17:56","date_gmt":"2025-08-26T12:17:56","guid":{"rendered":"https:\/\/impactodenoticias.com.ar\/?p=29743"},"modified":"2025-08-26T09:17:57","modified_gmt":"2025-08-26T12:17:57","slug":"pudo-haber-sido-una-tragedia-un-hombre-estaba-soldando-y-prendio-fuego-su-casa","status":"publish","type":"post","link":"https:\/\/impactodenoticias.com.ar\/?p=29743","title":{"rendered":"Pudo haber sido una tragedia: un hombre estaba soldando y prendi\u00f3 fuego su casa"},"content":{"rendered":"\n<h2 class=\"wp-block-heading\">Un principio de incendio se registr\u00f3 en una vivienda ubicada en la zona del Tiro Federal, de Guaeguaych\u00fa.<\/h2>\n\n\n\n<p>Gran preocupaci\u00f3n entre los vecinos de la zona del Tiro Federal, cuando comenz\u00f3 a incendiarse el cielo razo de una vivienda, ubicada en Boulevard De Le\u00f3n y Rivadavia.<\/p>\n\n\n\n<p>Seg\u00fan confirmaron desde la Polic\u00eda Departamental, un hombre se encontraba soldando dentro de la vivienda, y en un descuido se inici\u00f3 un foco \u00edgneo en la vivienda.<\/p>\n\n\n\n<p>Afortunadamente, la polic\u00eda y los bomberos acudieron r\u00e1pidamente al lugar, y contuvieron el fuego r\u00e1pidamente, no se registraron personas heridas.<\/p>\n","protected":false},"excerpt":{"rendered":"<p>Un principio de incendio se registr&oacute; en una vivienda ubicada en la zona del Tiro Federal, de Guaeguaych&uacute;. Gran preocupaci&oacute;n entre los vecinos de la zona del Tiro Federal, cuando comenz&oacute; a incendiarse el cielo razo de una vivienda, ubicada en Boulevard De Le&oacute;n y Rivadavia. Seg&uacute;n confirmaron desde la Polic&iacute;a Departamental, un hombre se [&hellip;]<\/p>\n","protected":false},"author":2,"featured_media":29744,"comment_status":"closed","ping_status":"closed","sticky":false,"template":"","format":"standard","meta":{"footnotes":""},"categories":[8,4],"tags":[563,280,227],"class_list":["post-29743","post","type-post","status-publish","format-standard","has-post-thumbnail","hentry","category-policiales","category-provinciales","tag-casa","tag-gualeguaychu","tag-incendio"],"_links":{"self":[{"href":"https:\/\/impactodenoticias.com.ar\/index.php?rest_route=\/wp\/v2\/posts\/29743","targetHints":{"allow":["GET"]}}],"collection":[{"href":"https:\/\/impactodenoticias.com.ar\/index.php?rest_route=\/wp\/v2\/posts"}],"about":[{"href":"https:\/\/impactodenoticias.com.ar\/index.php?rest_route=\/wp\/v2\/types\/post"}],"author":[{"embeddable":true,"href":"https:\/\/impactodenoticias.com.ar\/index.php?rest_route=\/wp\/v2\/users\/2"}],"replies":[{"embeddable":true,"href":"https:\/\/impactodenoticias.com.ar\/index.php?rest_route=%2Fwp%2Fv2%2Fcomments&post=29743"}],"version-history":[{"count":1,"href":"https:\/\/impactodenoticias.com.ar\/index.php?rest_route=\/wp\/v2\/posts\/29743\/revisions"}],"predecessor-version":[{"id":29745,"href":"https:\/\/impactodenoticias.com.ar\/index.php?rest_route=\/wp\/v2\/posts\/29743\/revisions\/29745"}],"wp:featuredmedia":[{"embeddable":true,"href":"https:\/\/impactodenoticias.com.ar\/index.php?rest_route=\/wp\/v2\/media\/29744"}],"wp:attachment":[{"href":"https:\/\/impactodenoticias.com.ar\/index.php?rest_route=%2Fwp%2Fv2%2Fmedia&parent=29743"}],"wp:term":[{"taxonomy":"category","embeddable":true,"href":"https:\/\/impactodenoticias.com.ar\/index.php?rest_route=%2Fwp%2Fv2%2Fcategories&post=29743"},{"taxonomy":"post_tag","embeddable":true,"href":"https:\/\/impactodenoticias.com.ar\/index.php?rest_route=%2Fwp%2Fv2%2Ftags&post=29743"}],"curies":[{"name":"wp","href":"https:\/\/api.w.org\/{rel}","templated":true}]}}