{"id":29749,"date":"2025-08-26T09:27:14","date_gmt":"2025-08-26T12:27:14","guid":{"rendered":"https:\/\/impactodenoticias.com.ar\/?p=29749"},"modified":"2025-08-26T09:27:15","modified_gmt":"2025-08-26T12:27:15","slug":"un-motociclista-choco-con-un-camion-y-sufrio-una-grave-herida-en-concepcion-del-uruguay","status":"publish","type":"post","link":"https:\/\/impactodenoticias.com.ar\/?p=29749","title":{"rendered":"Un motociclista choc\u00f3 con un cami\u00f3n y sufri\u00f3 una grave herida en Concepci\u00f3n del Uruguay"},"content":{"rendered":"\n<h2 class=\"wp-block-heading\">El conductor de una moto choc\u00f3 con un cami\u00f3n y sufri\u00f3 graves lesiones, ocurri\u00f3 en Concepci\u00f3n del Uruguay. El accidente vial se registr\u00edo en horas de la noche de este lunes.<\/h2>\n\n\n\n<p>El personal de Comisar\u00eda Cuarta intervino en un siniestro vial sucedido en el acceso a la ciudad, a unos 100 metros al este de la rotonda de las rutas 39 y 42, frente a una estaci\u00f3n de servicio.<\/p>\n\n\n\n<p>El accidente de tr\u00e1nsito involucr\u00f3 a una motocicleta y un cami\u00f3n. El conductor del rodado menor de 23 a\u00f1os debi\u00f3 ser trasladado al hospital local por el servicio de emergencias, ya que presentaba dolores en uno de sus brazos.<\/p>\n\n\n\n<p>Desde el hospital se inform\u00f3 que el joven motociclista ten\u00eda fracturado el om\u00f3plato derecho.<\/p>\n","protected":false},"excerpt":{"rendered":"<p>El conductor de una moto choc&oacute; con un cami&oacute;n y sufri&oacute; graves lesiones, ocurri&oacute; en Concepci&oacute;n del Uruguay. El accidente vial se registr&iacute;o en horas de la noche de este lunes. El personal de Comisar&iacute;a Cuarta intervino en un siniestro vial sucedido en el acceso a la ciudad, a unos 100 metros al este de [&hellip;]<\/p>\n","protected":false},"author":2,"featured_media":29750,"comment_status":"closed","ping_status":"closed","sticky":false,"template":"","format":"standard","meta":{"footnotes":""},"categories":[8,4],"tags":[545,652,324,389,388,118],"class_list":["post-29749","post","type-post","status-publish","format-standard","has-post-thumbnail","hentry","category-policiales","category-provinciales","tag-camion","tag-choque","tag-concepcion-del-uruguay","tag-herido","tag-moto","tag-policiales"],"_links":{"self":[{"href":"https:\/\/impactodenoticias.com.ar\/index.php?rest_route=\/wp\/v2\/posts\/29749","targetHints":{"allow":["GET"]}}],"collection":[{"href":"https:\/\/impactodenoticias.com.ar\/index.php?rest_route=\/wp\/v2\/posts"}],"about":[{"href":"https:\/\/impactodenoticias.com.ar\/index.php?rest_route=\/wp\/v2\/types\/post"}],"author":[{"embeddable":true,"href":"https:\/\/impactodenoticias.com.ar\/index.php?rest_route=\/wp\/v2\/users\/2"}],"replies":[{"embeddable":true,"href":"https:\/\/impactodenoticias.com.ar\/index.php?rest_route=%2Fwp%2Fv2%2Fcomments&post=29749"}],"version-history":[{"count":1,"href":"https:\/\/impactodenoticias.com.ar\/index.php?rest_route=\/wp\/v2\/posts\/29749\/revisions"}],"predecessor-version":[{"id":29751,"href":"https:\/\/impactodenoticias.com.ar\/index.php?rest_route=\/wp\/v2\/posts\/29749\/revisions\/29751"}],"wp:featuredmedia":[{"embeddable":true,"href":"https:\/\/impactodenoticias.com.ar\/index.php?rest_route=\/wp\/v2\/media\/29750"}],"wp:attachment":[{"href":"https:\/\/impactodenoticias.com.ar\/index.php?rest_route=%2Fwp%2Fv2%2Fmedia&parent=29749"}],"wp:term":[{"taxonomy":"category","embeddable":true,"href":"https:\/\/impactodenoticias.com.ar\/index.php?rest_route=%2Fwp%2Fv2%2Fcategories&post=29749"},{"taxonomy":"post_tag","embeddable":true,"href":"https:\/\/impactodenoticias.com.ar\/index.php?rest_route=%2Fwp%2Fv2%2Ftags&post=29749"}],"curies":[{"name":"wp","href":"https:\/\/api.w.org\/{rel}","templated":true}]}}