{"id":29759,"date":"2025-08-27T09:56:40","date_gmt":"2025-08-27T12:56:40","guid":{"rendered":"https:\/\/impactodenoticias.com.ar\/?p=29759"},"modified":"2025-08-27T09:56:41","modified_gmt":"2025-08-27T12:56:41","slug":"villaguay-el-conductor-de-un-camion-termino-volcando-al-esquivar-a-un-ciclista-en-el-acceso-norte","status":"publish","type":"post","link":"https:\/\/impactodenoticias.com.ar\/?p=29759","title":{"rendered":"Villaguay: el conductor de un cami\u00f3n termin\u00f3 volcando al esquivar a un ciclista en el Acceso Norte"},"content":{"rendered":"\n<h2 class=\"wp-block-heading\">Personal policial de la Comisar\u00eda Primera de Villaguay fue solicitado tras un accidente vial que se registr\u00f3 en el Acceso Norte a la ciudad. En el lugar se constat\u00f3 el vuelco de un cami\u00f3n marca Volvo, perteneciente a la empresa de transporte Ram Ram, que trasladaba un semirremolque cargado con harina de soja.<\/h2>\n\n\n\n<p>Seg\u00fan la informaci\u00f3n brindada por la Polic\u00eda, el rodado qued\u00f3 recostado sobre su lateral izquierdo, y obstruyendo parcialmente la arteria en la zona de la Ruta Nacional N\u00ba 18. A unos metros del veh\u00edculo se encontraba el conductor, un hombre de 59 a\u00f1os, domiciliado en Concepci\u00f3n del Uruguay, quien presentaba cortes superficiales en brazos y cabeza. Seg\u00fan cont\u00f3, habr\u00eda perdido el control del cami\u00f3n al intentar esquivar a un ciclista.<\/p>\n\n\n\n<p>R\u00e1pidamente se solicit\u00f3 una ambulancia del Hospital Santa Rosa, que traslad\u00f3 al chofer para su atenci\u00f3n m\u00e9dica. Tambi\u00e9n se pidi\u00f3 la presencia de Tr\u00e1nsito Municipal, Direcci\u00f3n General de Prevenci\u00f3n y Seguridad Vial y Bomberos Voluntarios a modo preventivo y para colaborar con las tareas en la zona y la restauraci\u00f3n del tr\u00e1nsito.<\/p>\n","protected":false},"excerpt":{"rendered":"<p>Personal policial de la Comisar&iacute;a Primera de Villaguay fue solicitado tras un accidente vial que se registr&oacute; en el Acceso Norte a la ciudad. En el lugar se constat&oacute; el vuelco de un cami&oacute;n marca Volvo, perteneciente a la empresa de transporte Ram Ram, que trasladaba un semirremolque cargado con harina de soja. Seg&uacute;n la [&hellip;]<\/p>\n","protected":false},"author":2,"featured_media":29760,"comment_status":"closed","ping_status":"closed","sticky":false,"template":"","format":"standard","meta":{"footnotes":""},"categories":[8,4],"tags":[545,394,55,336],"class_list":["post-29759","post","type-post","status-publish","format-standard","has-post-thumbnail","hentry","category-policiales","category-provinciales","tag-camion","tag-heridos","tag-villaguay","tag-vuelco"],"_links":{"self":[{"href":"https:\/\/impactodenoticias.com.ar\/index.php?rest_route=\/wp\/v2\/posts\/29759","targetHints":{"allow":["GET"]}}],"collection":[{"href":"https:\/\/impactodenoticias.com.ar\/index.php?rest_route=\/wp\/v2\/posts"}],"about":[{"href":"https:\/\/impactodenoticias.com.ar\/index.php?rest_route=\/wp\/v2\/types\/post"}],"author":[{"embeddable":true,"href":"https:\/\/impactodenoticias.com.ar\/index.php?rest_route=\/wp\/v2\/users\/2"}],"replies":[{"embeddable":true,"href":"https:\/\/impactodenoticias.com.ar\/index.php?rest_route=%2Fwp%2Fv2%2Fcomments&post=29759"}],"version-history":[{"count":1,"href":"https:\/\/impactodenoticias.com.ar\/index.php?rest_route=\/wp\/v2\/posts\/29759\/revisions"}],"predecessor-version":[{"id":29761,"href":"https:\/\/impactodenoticias.com.ar\/index.php?rest_route=\/wp\/v2\/posts\/29759\/revisions\/29761"}],"wp:featuredmedia":[{"embeddable":true,"href":"https:\/\/impactodenoticias.com.ar\/index.php?rest_route=\/wp\/v2\/media\/29760"}],"wp:attachment":[{"href":"https:\/\/impactodenoticias.com.ar\/index.php?rest_route=%2Fwp%2Fv2%2Fmedia&parent=29759"}],"wp:term":[{"taxonomy":"category","embeddable":true,"href":"https:\/\/impactodenoticias.com.ar\/index.php?rest_route=%2Fwp%2Fv2%2Fcategories&post=29759"},{"taxonomy":"post_tag","embeddable":true,"href":"https:\/\/impactodenoticias.com.ar\/index.php?rest_route=%2Fwp%2Fv2%2Ftags&post=29759"}],"curies":[{"name":"wp","href":"https:\/\/api.w.org\/{rel}","templated":true}]}}