{"id":29765,"date":"2025-08-27T10:10:37","date_gmt":"2025-08-27T13:10:37","guid":{"rendered":"https:\/\/impactodenoticias.com.ar\/?p=29765"},"modified":"2025-08-27T10:10:38","modified_gmt":"2025-08-27T13:10:38","slug":"parana-arrestaron-a-un-joven-en-barrio-parana-xvi-y-le-incautaron-bolsitas-con-marihuana","status":"publish","type":"post","link":"https:\/\/impactodenoticias.com.ar\/?p=29765","title":{"rendered":"Paran\u00e1: arrestaron a un joven en barrio Paran\u00e1 XVI y le incautaron bolsitas con marihuana"},"content":{"rendered":"\n<h2 class=\"wp-block-heading\">Durante una recorrida peatonal, el personal de la secci\u00f3n Guardia Especial de Paran\u00e1 se encontraba en el barrio Paran\u00e1 XVI cuando observaron a un joven que, al intentar ser identificado, se dio a la fuga.<\/h2>\n\n\n\n<p>Una vez aprehendido, se le efectu\u00f3 un palpado y se encontr\u00f3 en el bolsillo de su pantal\u00f3n varios envoltorios con una sustancia de color verde oscura, as\u00ed como elementos de electricidad.<\/p>\n\n\n\n<p>Minutos despu\u00e9s se dio intervenci\u00f3n al personal de Drogas Peligrosas, quienes llevaron a cabo un test de campo que arroj\u00f3 resultado positivo para marihuana, con un peso total de 5.2 gramos.<\/p>\n\n\n\n<p>Comunicada la fiscal en turno, Dra. Mercedes Nin, ordenaron el secuestro tanto de la sustancia como de los elementos de electricidad, adem\u00e1s se inici\u00f3 una causa por el delito de tenencia ilegal de estupefacientes y el joven fue correctamente identificado quedando a dispocis\u00f3n de la Justicia.<\/p>\n","protected":false},"excerpt":{"rendered":"<p>Durante una recorrida peatonal, el personal de la secci&oacute;n Guardia Especial de Paran&aacute; se encontraba en el barrio Paran&aacute; XVI cuando observaron a un joven que, al intentar ser identificado, se dio a la fuga. Una vez aprehendido, se le efectu&oacute; un palpado y se encontr&oacute; en el bolsillo de su pantal&oacute;n varios envoltorios con [&hellip;]<\/p>\n","protected":false},"author":2,"featured_media":29766,"comment_status":"closed","ping_status":"closed","sticky":false,"template":"","format":"standard","meta":{"footnotes":""},"categories":[3,8],"tags":[175,137,1197,95,118],"class_list":["post-29765","post","type-post","status-publish","format-standard","has-post-thumbnail","hentry","category-locales","category-policiales","tag-detenido","tag-joven","tag-marihuana","tag-parana","tag-policiales"],"_links":{"self":[{"href":"https:\/\/impactodenoticias.com.ar\/index.php?rest_route=\/wp\/v2\/posts\/29765","targetHints":{"allow":["GET"]}}],"collection":[{"href":"https:\/\/impactodenoticias.com.ar\/index.php?rest_route=\/wp\/v2\/posts"}],"about":[{"href":"https:\/\/impactodenoticias.com.ar\/index.php?rest_route=\/wp\/v2\/types\/post"}],"author":[{"embeddable":true,"href":"https:\/\/impactodenoticias.com.ar\/index.php?rest_route=\/wp\/v2\/users\/2"}],"replies":[{"embeddable":true,"href":"https:\/\/impactodenoticias.com.ar\/index.php?rest_route=%2Fwp%2Fv2%2Fcomments&post=29765"}],"version-history":[{"count":1,"href":"https:\/\/impactodenoticias.com.ar\/index.php?rest_route=\/wp\/v2\/posts\/29765\/revisions"}],"predecessor-version":[{"id":29767,"href":"https:\/\/impactodenoticias.com.ar\/index.php?rest_route=\/wp\/v2\/posts\/29765\/revisions\/29767"}],"wp:featuredmedia":[{"embeddable":true,"href":"https:\/\/impactodenoticias.com.ar\/index.php?rest_route=\/wp\/v2\/media\/29766"}],"wp:attachment":[{"href":"https:\/\/impactodenoticias.com.ar\/index.php?rest_route=%2Fwp%2Fv2%2Fmedia&parent=29765"}],"wp:term":[{"taxonomy":"category","embeddable":true,"href":"https:\/\/impactodenoticias.com.ar\/index.php?rest_route=%2Fwp%2Fv2%2Fcategories&post=29765"},{"taxonomy":"post_tag","embeddable":true,"href":"https:\/\/impactodenoticias.com.ar\/index.php?rest_route=%2Fwp%2Fv2%2Ftags&post=29765"}],"curies":[{"name":"wp","href":"https:\/\/api.w.org\/{rel}","templated":true}]}}