{"id":29768,"date":"2025-08-27T10:14:51","date_gmt":"2025-08-27T13:14:51","guid":{"rendered":"https:\/\/impactodenoticias.com.ar\/?p=29768"},"modified":"2025-08-27T10:14:52","modified_gmt":"2025-08-27T13:14:52","slug":"parana-arrestaron-a-un-joven-con-restriccion-de-acercamiento-en-el-barrio-mosconi-ii","status":"publish","type":"post","link":"https:\/\/impactodenoticias.com.ar\/?p=29768","title":{"rendered":"Paran\u00e1: arrestaron a un joven con restricci\u00f3n de acercamiento en el barrio Mosconi II"},"content":{"rendered":"\n<h2 class=\"wp-block-heading\">En el Barrio Mosconi II de Paran\u00e1, el personal de la Comisar\u00eda 15\u00b0 se encontraba realizando recorridas preventivas cuando, al pasar por la calle Salvador Caputto esquina De La Chamarrita, observaron a un sujeto fuera de su vivienda.<\/h2>\n\n\n\n<p>\u201cAl descender, los efectivos se entrevistaron con \u00e9l, quien no pudo acreditar su presencia en el lugar\u201d, seg\u00fan acreditaron desde la fuerza.<\/p>\n\n\n\n<p>Dado que el joven tiene prohibici\u00f3n de acceso al barrio hasta el 11 de septiembre, se lo demor\u00f3. En comunicaci\u00f3n con la Fiscal\u00eda de Ligio en turno, a cargo de la Dra. Mercedes Nin, se dispuso la aprehensi\u00f3n del sujeto por el delito de desobediencia judicial.<\/p>\n","protected":false},"excerpt":{"rendered":"<p>En el Barrio Mosconi II de Paran&aacute;, el personal de la Comisar&iacute;a 15&deg; se encontraba realizando recorridas preventivas cuando, al pasar por la calle Salvador Caputto esquina De La Chamarrita, observaron a un sujeto fuera de su vivienda. &ldquo;Al descender, los efectivos se entrevistaron con &eacute;l, quien no pudo acreditar su presencia en el lugar&rdquo;, [&hellip;]<\/p>\n","protected":false},"author":2,"featured_media":29769,"comment_status":"closed","ping_status":"closed","sticky":false,"template":"","format":"standard","meta":{"footnotes":""},"categories":[3,8],"tags":[5769,1145,175,5770,95,118,3403],"class_list":["post-29768","post","type-post","status-publish","format-standard","has-post-thumbnail","hentry","category-locales","category-policiales","tag-acercamiento","tag-barrio","tag-detenido","tag-mosconi-ll","tag-parana","tag-policiales","tag-restriccion"],"_links":{"self":[{"href":"https:\/\/impactodenoticias.com.ar\/index.php?rest_route=\/wp\/v2\/posts\/29768","targetHints":{"allow":["GET"]}}],"collection":[{"href":"https:\/\/impactodenoticias.com.ar\/index.php?rest_route=\/wp\/v2\/posts"}],"about":[{"href":"https:\/\/impactodenoticias.com.ar\/index.php?rest_route=\/wp\/v2\/types\/post"}],"author":[{"embeddable":true,"href":"https:\/\/impactodenoticias.com.ar\/index.php?rest_route=\/wp\/v2\/users\/2"}],"replies":[{"embeddable":true,"href":"https:\/\/impactodenoticias.com.ar\/index.php?rest_route=%2Fwp%2Fv2%2Fcomments&post=29768"}],"version-history":[{"count":1,"href":"https:\/\/impactodenoticias.com.ar\/index.php?rest_route=\/wp\/v2\/posts\/29768\/revisions"}],"predecessor-version":[{"id":29770,"href":"https:\/\/impactodenoticias.com.ar\/index.php?rest_route=\/wp\/v2\/posts\/29768\/revisions\/29770"}],"wp:featuredmedia":[{"embeddable":true,"href":"https:\/\/impactodenoticias.com.ar\/index.php?rest_route=\/wp\/v2\/media\/29769"}],"wp:attachment":[{"href":"https:\/\/impactodenoticias.com.ar\/index.php?rest_route=%2Fwp%2Fv2%2Fmedia&parent=29768"}],"wp:term":[{"taxonomy":"category","embeddable":true,"href":"https:\/\/impactodenoticias.com.ar\/index.php?rest_route=%2Fwp%2Fv2%2Fcategories&post=29768"},{"taxonomy":"post_tag","embeddable":true,"href":"https:\/\/impactodenoticias.com.ar\/index.php?rest_route=%2Fwp%2Fv2%2Ftags&post=29768"}],"curies":[{"name":"wp","href":"https:\/\/api.w.org\/{rel}","templated":true}]}}