{"id":29777,"date":"2025-08-27T12:05:02","date_gmt":"2025-08-27T15:05:02","guid":{"rendered":"https:\/\/impactodenoticias.com.ar\/?p=29777"},"modified":"2025-08-28T18:00:14","modified_gmt":"2025-08-28T21:00:14","slug":"nuestras-convicciones-no-necesitan-de-una-foto-somos-con-orgullo-la-unica-lista-que-nombra-a-cristina-y-que-pide-por-cristina-libre-senalo-gaillard","status":"publish","type":"post","link":"https:\/\/impactodenoticias.com.ar\/?p=29777","title":{"rendered":"\u201cNuestras convicciones no necesitan de una foto, somos con orgullo la \u00fanica lista que nombra a Cristina y que pide por Cristina libre\u201d, se\u00f1al\u00f3 Gaillard"},"content":{"rendered":"\n<h2 class=\"wp-block-heading\">En medio de la interna del peronismo entrerriano, Carolina Gaillard volvi\u00f3 a marcar diferencias y reafirm\u00f3 el rumbo de la lista 503, que encabeza como candidata a senadora nacional.<\/h2>\n\n\n\n<p>Mientras otros sectores buscan respaldos en dirigentes nacionales, para atraer el voto kirchnerista la diputada remarc\u00f3 que su espacio se sostiene en convicciones claras y en la defensa abierta de Cristina Fern\u00e1ndez de Kirchner.<\/p>\n\n\n\n<p>Frente a la reuni\u00f3n que mantuvieron los candidatos de Fuerza Entre R\u00edos con la senadora Juliana Di Tullio, Gaillard expres\u00f3:<br>\u00abNuestras convicciones no necesitan de una foto, somos con orgullo la \u00fanica lista que nombra a Cristina y que pide por Cristina libre\u201d.<\/p>\n\n\n\n<p>Y agreg\u00f3 que: \u00abNosotras vamos a mantenernos en el mismo lugar, no vamos a disimular ni maquillar lo que somos, no vamos a cambiar Fuerza Patria por Fuerza Entre R\u00edos como hacen algunos, ni vamos a hablar mal de nuestros compa\u00f1eros en cada lugar. Tenemos claro lo que est\u00e1 pasando hoy en el pa\u00eds, la verdadera discusi\u00f3n es con Frigerio y Milei, m\u00e1s all\u00e1 de las piedras que nos quieran poner en el camino\u201d.<\/p>\n","protected":false},"excerpt":{"rendered":"<p>En medio de la interna del peronismo entrerriano, Carolina Gaillard volvi&oacute; a marcar diferencias y reafirm&oacute; el rumbo de la lista 503, que encabeza como candidata a senadora nacional. Mientras otros sectores buscan respaldos en dirigentes nacionales, para atraer el voto kirchnerista la diputada remarc&oacute; que su espacio se sostiene en convicciones claras y en [&hellip;]<\/p>\n","protected":false},"author":2,"featured_media":29778,"comment_status":"closed","ping_status":"closed","sticky":false,"template":"","format":"standard","meta":{"footnotes":""},"categories":[11,4],"tags":[590,30,5774,5775],"class_list":["post-29777","post","type-post","status-publish","format-standard","has-post-thumbnail","hentry","category-politica","category-provinciales","tag-carolina-gaillard","tag-cristina-kirchner","tag-fuerza-patria","tag-juliana-di-tullio"],"_links":{"self":[{"href":"https:\/\/impactodenoticias.com.ar\/index.php?rest_route=\/wp\/v2\/posts\/29777","targetHints":{"allow":["GET"]}}],"collection":[{"href":"https:\/\/impactodenoticias.com.ar\/index.php?rest_route=\/wp\/v2\/posts"}],"about":[{"href":"https:\/\/impactodenoticias.com.ar\/index.php?rest_route=\/wp\/v2\/types\/post"}],"author":[{"embeddable":true,"href":"https:\/\/impactodenoticias.com.ar\/index.php?rest_route=\/wp\/v2\/users\/2"}],"replies":[{"embeddable":true,"href":"https:\/\/impactodenoticias.com.ar\/index.php?rest_route=%2Fwp%2Fv2%2Fcomments&post=29777"}],"version-history":[{"count":1,"href":"https:\/\/impactodenoticias.com.ar\/index.php?rest_route=\/wp\/v2\/posts\/29777\/revisions"}],"predecessor-version":[{"id":29779,"href":"https:\/\/impactodenoticias.com.ar\/index.php?rest_route=\/wp\/v2\/posts\/29777\/revisions\/29779"}],"wp:featuredmedia":[{"embeddable":true,"href":"https:\/\/impactodenoticias.com.ar\/index.php?rest_route=\/wp\/v2\/media\/29778"}],"wp:attachment":[{"href":"https:\/\/impactodenoticias.com.ar\/index.php?rest_route=%2Fwp%2Fv2%2Fmedia&parent=29777"}],"wp:term":[{"taxonomy":"category","embeddable":true,"href":"https:\/\/impactodenoticias.com.ar\/index.php?rest_route=%2Fwp%2Fv2%2Fcategories&post=29777"},{"taxonomy":"post_tag","embeddable":true,"href":"https:\/\/impactodenoticias.com.ar\/index.php?rest_route=%2Fwp%2Fv2%2Ftags&post=29777"}],"curies":[{"name":"wp","href":"https:\/\/api.w.org\/{rel}","templated":true}]}}