{"id":2978,"date":"2024-08-22T10:59:37","date_gmt":"2024-08-22T13:59:37","guid":{"rendered":"https:\/\/impactodenoticias.com.ar\/?p=2978"},"modified":"2024-08-22T11:04:00","modified_gmt":"2024-08-22T14:04:00","slug":"colello-senalo-que-la-tension-es-logica-por-la-crisis-pero-dijo-que-hay-que-ponerse-de-acuerdo-con-los-chicos-en-las-aulas","status":"publish","type":"post","link":"https:\/\/impactodenoticias.com.ar\/?p=2978","title":{"rendered":"\u00abHay que ponerse de acuerdo con los chicos en las aulas\u201d, expres\u00f3 Colello"},"content":{"rendered":"\n<p><strong>\u00abNo pudimos lograr el equilibrio, pese a que muchas de esas ofertas son muy parecidas a las de otras provincias que lo han logrado, como C\u00f3rdoba\u00bb, manifest\u00f3 el Secretario General de Gobernaci\u00f3n.<\/strong><\/p>\n\n\n\n<p>El Consejo General de Educaci\u00f3n pidi\u00f3 a la Justicia la conciliaci\u00f3n obligatoria para garantizar el dictado de clases en la provincia, ante el paro de cinco d\u00edas dispuesto por el mayoritario gremio docente Agmer tras el Congreso de ayer.<\/p>\n\n\n\n<p>Sobre este tema el secretario general de la Gobernaci\u00f3n, Mauricio Colello, expres\u00f3 que \u201cel gobierno ha hecho un esfuerzo muy importante para acercarse a las expectativas que tienen los docentes, reconociendo que hay un problema con el poder adquisitivo de los salarios, pero tambi\u00e9n conscientes de la realidad que estamos afrontando a nivel finanzas de la provincia\u201d.<\/p>\n\n\n\n<p>Asegur\u00f3 que \u201cel gobernador gobierna para todos los entrerrianos; y en ese contexto, con mucho esfuerzo, hicimos m\u00e1s de cuatro mejoras en la oferta que les acercamos a los gremios. No pudimos lograr el equilibrio, pese a que muchas de esas ofertas son muy parecidas a las de otras provincias que lo han logrado, como C\u00f3rdoba\u201d.<\/p>\n\n\n\n<p>Asimismo dijo que es l\u00f3gica y natural producto de la crisis, se haga con los chicos en el aula\u201d.<\/p>\n\n\n\n<p>\u201cEn un plan de desarrollo provincial como el que tiene que llevar adelante el gobernador nosotros instamos a que nos pongamos de acuerdo, pero con los chicos dando clases y aprendiendo\u201d, finaliz\u00f3.<\/p>\n","protected":false},"excerpt":{"rendered":"<p>&laquo;No pudimos lograr el equilibrio, pese a que muchas de esas ofertas son muy parecidas a las de otras provincias que lo han logrado, como C&oacute;rdoba&raquo;, manifest&oacute; el Secretario General de Gobernaci&oacute;n. El Consejo General de Educaci&oacute;n pidi&oacute; a la Justicia la conciliaci&oacute;n obligatoria para garantizar el dictado de clases en la provincia, ante el [&hellip;]<\/p>\n","protected":false},"author":2,"featured_media":2979,"comment_status":"open","ping_status":"open","sticky":false,"template":"","format":"standard","meta":{"footnotes":""},"categories":[91,11,4],"tags":[52,1410,1058,59],"class_list":["post-2978","post","type-post","status-publish","format-standard","has-post-thumbnail","hentry","category-gremiales","category-politica","category-provinciales","tag-agmer","tag-cge","tag-mauricio-colello","tag-paro"],"_links":{"self":[{"href":"https:\/\/impactodenoticias.com.ar\/index.php?rest_route=\/wp\/v2\/posts\/2978","targetHints":{"allow":["GET"]}}],"collection":[{"href":"https:\/\/impactodenoticias.com.ar\/index.php?rest_route=\/wp\/v2\/posts"}],"about":[{"href":"https:\/\/impactodenoticias.com.ar\/index.php?rest_route=\/wp\/v2\/types\/post"}],"author":[{"embeddable":true,"href":"https:\/\/impactodenoticias.com.ar\/index.php?rest_route=\/wp\/v2\/users\/2"}],"replies":[{"embeddable":true,"href":"https:\/\/impactodenoticias.com.ar\/index.php?rest_route=%2Fwp%2Fv2%2Fcomments&post=2978"}],"version-history":[{"count":2,"href":"https:\/\/impactodenoticias.com.ar\/index.php?rest_route=\/wp\/v2\/posts\/2978\/revisions"}],"predecessor-version":[{"id":2981,"href":"https:\/\/impactodenoticias.com.ar\/index.php?rest_route=\/wp\/v2\/posts\/2978\/revisions\/2981"}],"wp:featuredmedia":[{"embeddable":true,"href":"https:\/\/impactodenoticias.com.ar\/index.php?rest_route=\/wp\/v2\/media\/2979"}],"wp:attachment":[{"href":"https:\/\/impactodenoticias.com.ar\/index.php?rest_route=%2Fwp%2Fv2%2Fmedia&parent=2978"}],"wp:term":[{"taxonomy":"category","embeddable":true,"href":"https:\/\/impactodenoticias.com.ar\/index.php?rest_route=%2Fwp%2Fv2%2Fcategories&post=2978"},{"taxonomy":"post_tag","embeddable":true,"href":"https:\/\/impactodenoticias.com.ar\/index.php?rest_route=%2Fwp%2Fv2%2Ftags&post=2978"}],"curies":[{"name":"wp","href":"https:\/\/api.w.org\/{rel}","templated":true}]}}