{"id":29802,"date":"2025-08-28T17:53:32","date_gmt":"2025-08-28T20:53:32","guid":{"rendered":"https:\/\/impactodenoticias.com.ar\/?p=29802"},"modified":"2025-08-28T17:56:32","modified_gmt":"2025-08-28T20:56:32","slug":"tragedia-en-urdinarrain-un-trabajador-murio-aplastado-por-una-pala-mecanica","status":"publish","type":"post","link":"https:\/\/impactodenoticias.com.ar\/?p=29802","title":{"rendered":"Tragedia en Urdinarrain: un trabajador muri\u00f3 aplastado por una pala mec\u00e1nica"},"content":{"rendered":"\n<h2 class=\"wp-block-heading\">Un hombre muri\u00f3 en el acto, tras sufrir un accidente con una pala mec\u00e1nica en un galp\u00f3n rural de Urdinarrain. La v\u00edctima realizaba reparaciones cuando ocurri\u00f3 la tragedia, ya fue identificada.<\/h2>\n\n\n\n<p>El tr\u00e1gico siniestro laboral se produjo en horas del mediod\u00eda de este jueves, en un campo cercano a la ciudad de Urdinarrain, en el departamento Gualeguaychu, detr\u00e1s del barrio Butelli. La v\u00edctima muri\u00f3 en el acto, mientras llevaba a cabo tareas de reparaci\u00f3n en la pala mec\u00e1nica de un tractor tipo Bobcat.<\/p>\n\n\n\n<p>Seg\u00fan las primeras informaciones recibidas por <strong>IMPACTO DE NOTICIAS<\/strong>, la m\u00e1quina presentaba un desperfecto que imped\u00eda su normal funcionamiento. Por causas que est\u00e1n siendo investigadas, la pesada pala de hierro descendi\u00f3 de manera repentina, golpeando la cabeza del trabajador y provoc\u00e1ndole el deceso en el lugar.<\/p>\n\n\n\n<p>Seg\u00fan se inform\u00f3, la persona fallecida, fue identificada como Juan Inchausti, de 31 a\u00f1os.<\/p>\n","protected":false},"excerpt":{"rendered":"<p>Un hombre muri&oacute; en el acto, tras sufrir un accidente con una pala mec&aacute;nica en un galp&oacute;n rural de Urdinarrain. La v&iacute;ctima realizaba reparaciones cuando ocurri&oacute; la tragedia, ya fue identificada. El tr&aacute;gico siniestro laboral se produjo en horas del mediod&iacute;a de este jueves, en un campo cercano a la ciudad de Urdinarrain, en el [&hellip;]<\/p>\n","protected":false},"author":2,"featured_media":29803,"comment_status":"closed","ping_status":"closed","sticky":false,"template":"","format":"standard","meta":{"footnotes":""},"categories":[8,4],"tags":[630,5785,5784,2513,1221],"class_list":["post-29802","post","type-post","status-publish","format-standard","has-post-thumbnail","hentry","category-policiales","category-provinciales","tag-fallecido","tag-mecanica","tag-pala","tag-trabajador","tag-urdinarrain"],"_links":{"self":[{"href":"https:\/\/impactodenoticias.com.ar\/index.php?rest_route=\/wp\/v2\/posts\/29802","targetHints":{"allow":["GET"]}}],"collection":[{"href":"https:\/\/impactodenoticias.com.ar\/index.php?rest_route=\/wp\/v2\/posts"}],"about":[{"href":"https:\/\/impactodenoticias.com.ar\/index.php?rest_route=\/wp\/v2\/types\/post"}],"author":[{"embeddable":true,"href":"https:\/\/impactodenoticias.com.ar\/index.php?rest_route=\/wp\/v2\/users\/2"}],"replies":[{"embeddable":true,"href":"https:\/\/impactodenoticias.com.ar\/index.php?rest_route=%2Fwp%2Fv2%2Fcomments&post=29802"}],"version-history":[{"count":1,"href":"https:\/\/impactodenoticias.com.ar\/index.php?rest_route=\/wp\/v2\/posts\/29802\/revisions"}],"predecessor-version":[{"id":29804,"href":"https:\/\/impactodenoticias.com.ar\/index.php?rest_route=\/wp\/v2\/posts\/29802\/revisions\/29804"}],"wp:featuredmedia":[{"embeddable":true,"href":"https:\/\/impactodenoticias.com.ar\/index.php?rest_route=\/wp\/v2\/media\/29803"}],"wp:attachment":[{"href":"https:\/\/impactodenoticias.com.ar\/index.php?rest_route=%2Fwp%2Fv2%2Fmedia&parent=29802"}],"wp:term":[{"taxonomy":"category","embeddable":true,"href":"https:\/\/impactodenoticias.com.ar\/index.php?rest_route=%2Fwp%2Fv2%2Fcategories&post=29802"},{"taxonomy":"post_tag","embeddable":true,"href":"https:\/\/impactodenoticias.com.ar\/index.php?rest_route=%2Fwp%2Fv2%2Ftags&post=29802"}],"curies":[{"name":"wp","href":"https:\/\/api.w.org\/{rel}","templated":true}]}}