{"id":29806,"date":"2025-08-28T17:59:20","date_gmt":"2025-08-28T20:59:20","guid":{"rendered":"https:\/\/impactodenoticias.com.ar\/?p=29806"},"modified":"2025-08-29T09:44:57","modified_gmt":"2025-08-29T12:44:57","slug":"entre-rios-diputados-convirtio-en-ley-el-proyecto-que-autoriza-al-poder-ejecutivo-a-tomar-deuda","status":"publish","type":"post","link":"https:\/\/impactodenoticias.com.ar\/?p=29806","title":{"rendered":"Entre R\u00edos: diputados convirti\u00f3 en ley el proyecto que autoriza al Poder Ejecutivo a tomar deuda"},"content":{"rendered":"\n<h2 class=\"wp-block-heading\">El oficialismo logr\u00f3 en menos de una semana que el proyecto del Poder Ejecutivo, la aprobaci\u00f3n de ambas c\u00e1maras legislativas. De este modo se autoriza a tomar deuda por hasta 500 millones de d\u00f3lares.<\/h2>\n\n\n\n<p>La C\u00e1mara de Diputados convirti\u00f3 en ley el proyecto de Restauraci\u00f3n de la Sostenibilidad de la Deuda P\u00fablica Provincial, que en cuatro d\u00edas consigui\u00f3 la aprobaci\u00f3n de ambas C\u00e1maras y obtuvo de esta manera la sanci\u00f3n definitiva.<\/p>\n\n\n\n<p>La iniciativa habilita al Poder Ejecutivo de la provincia a tomar deuda por hasta 500 millones de d\u00f3lares o su equivalente en moneda local, posibilitando la restructuraci\u00f3n de la deuda existente y destinando el excedente, en caso de haberlo, al desarrollo de obra p\u00fablica.<\/p>\n\n\n\n<p>Seg\u00fan se inform\u00f3, en una sesi\u00f3n especial desarrollada este jueves, la iniciativa cosech\u00f3 21 votos afirmativos y 11 negativos, con oposici\u00f3n del bloque peronista y el libertario Carlos Damasco.<\/p>\n\n\n\n<p>Al requerirse la mitad m\u00e1s uno, el presidente de la C\u00e1mara, Gustavo Hein, aport\u00f3 su voto afirmativo en cada una de las ocasiones que fue necesario, logrando la mayor\u00eda especial.<\/p>\n\n\n\n<p>el oficialismo consigui\u00f3 en menos de una semana que el proyecto del Poder Ejecutivo haga su recorrido por las dos c\u00e1maras legislativas. En el Senado fue necesario el apoyo de parte del peronismo, que vot\u00f3 dividido y acompa\u00f1\u00f3.<\/p>\n","protected":false},"excerpt":{"rendered":"<p>El oficialismo logr&oacute; en menos de una semana que el proyecto del Poder Ejecutivo, la aprobaci&oacute;n de ambas c&aacute;maras legislativas. De este modo se autoriza a tomar deuda por hasta 500 millones de d&oacute;lares. La C&aacute;mara de Diputados convirti&oacute; en ley el proyecto de Restauraci&oacute;n de la Sostenibilidad de la Deuda P&uacute;blica Provincial, que en [&hellip;]<\/p>\n","protected":false},"author":2,"featured_media":29807,"comment_status":"closed","ping_status":"closed","sticky":false,"template":"","format":"standard","meta":{"footnotes":""},"categories":[11,4],"tags":[319,2940,127,1527,5786,5787],"class_list":["post-29806","post","type-post","status-publish","format-standard","has-post-thumbnail","hentry","category-politica","category-provinciales","tag-aprobacion","tag-deuda","tag-diputados","tag-ley","tag-restauracion","tag-sostenibilidad"],"_links":{"self":[{"href":"https:\/\/impactodenoticias.com.ar\/index.php?rest_route=\/wp\/v2\/posts\/29806","targetHints":{"allow":["GET"]}}],"collection":[{"href":"https:\/\/impactodenoticias.com.ar\/index.php?rest_route=\/wp\/v2\/posts"}],"about":[{"href":"https:\/\/impactodenoticias.com.ar\/index.php?rest_route=\/wp\/v2\/types\/post"}],"author":[{"embeddable":true,"href":"https:\/\/impactodenoticias.com.ar\/index.php?rest_route=\/wp\/v2\/users\/2"}],"replies":[{"embeddable":true,"href":"https:\/\/impactodenoticias.com.ar\/index.php?rest_route=%2Fwp%2Fv2%2Fcomments&post=29806"}],"version-history":[{"count":1,"href":"https:\/\/impactodenoticias.com.ar\/index.php?rest_route=\/wp\/v2\/posts\/29806\/revisions"}],"predecessor-version":[{"id":29808,"href":"https:\/\/impactodenoticias.com.ar\/index.php?rest_route=\/wp\/v2\/posts\/29806\/revisions\/29808"}],"wp:featuredmedia":[{"embeddable":true,"href":"https:\/\/impactodenoticias.com.ar\/index.php?rest_route=\/wp\/v2\/media\/29807"}],"wp:attachment":[{"href":"https:\/\/impactodenoticias.com.ar\/index.php?rest_route=%2Fwp%2Fv2%2Fmedia&parent=29806"}],"wp:term":[{"taxonomy":"category","embeddable":true,"href":"https:\/\/impactodenoticias.com.ar\/index.php?rest_route=%2Fwp%2Fv2%2Fcategories&post=29806"},{"taxonomy":"post_tag","embeddable":true,"href":"https:\/\/impactodenoticias.com.ar\/index.php?rest_route=%2Fwp%2Fv2%2Ftags&post=29806"}],"curies":[{"name":"wp","href":"https:\/\/api.w.org\/{rel}","templated":true}]}}