{"id":29815,"date":"2025-08-29T09:04:49","date_gmt":"2025-08-29T12:04:49","guid":{"rendered":"https:\/\/impactodenoticias.com.ar\/?p=29815"},"modified":"2025-08-29T09:53:51","modified_gmt":"2025-08-29T12:53:51","slug":"parana-un-malviviente-intentaba-ingresar-a-los-fondos-de-varios-domicilios-y-termino-arrestado","status":"publish","type":"post","link":"https:\/\/impactodenoticias.com.ar\/?p=29815","title":{"rendered":"Paran\u00e1: un malviviente intent\u00f3 ingresar a los fondos de varios domicilios y termin\u00f3 arrestado"},"content":{"rendered":"\n<h2 class=\"wp-block-heading\">La Polic\u00eda detuvo a un sujeto en Paran\u00e1 luego de recibir un llamado al 911 que reportaba la presencia de este sujeto en actitud sospechosa en calle Sozula, intentando ingresar a los fondos de los domicilios.<\/h2>\n\n\n\n<p>Al llegar el personal policial de Comisar\u00eda Decimosexta, el individuo se dio a la fuga. Luego una intensa b\u00fasqueda, finalmente fue ubicado en el garaje de una propiedad, donde se fue aprehendido.<\/p>\n\n\n\n<p>El fiscal orden\u00f3 que fuera detenido y trasladado a la Alcaid\u00eda de Tribunales, quedando a disposici\u00f3n de la Justicia.<\/p>\n","protected":false},"excerpt":{"rendered":"<p>La Polic&iacute;a detuvo a un sujeto en Paran&aacute; luego de recibir un llamado al 911 que reportaba la presencia de este sujeto en actitud sospechosa en calle Sozula, intentando ingresar a los fondos de los domicilios. Al llegar el personal policial de Comisar&iacute;a Decimosexta, el individuo se dio a la fuga. Luego una intensa b&uacute;squeda, [&hellip;]<\/p>\n","protected":false},"author":2,"featured_media":29816,"comment_status":"closed","ping_status":"closed","sticky":false,"template":"","format":"standard","meta":{"footnotes":""},"categories":[3,8],"tags":[174,175,1138,95,118,147,87],"class_list":["post-29815","post","type-post","status-publish","format-standard","has-post-thumbnail","hentry","category-locales","category-policiales","tag-delincuente","tag-detenido","tag-intento","tag-parana","tag-policiales","tag-robo","tag-viviendas"],"_links":{"self":[{"href":"https:\/\/impactodenoticias.com.ar\/index.php?rest_route=\/wp\/v2\/posts\/29815","targetHints":{"allow":["GET"]}}],"collection":[{"href":"https:\/\/impactodenoticias.com.ar\/index.php?rest_route=\/wp\/v2\/posts"}],"about":[{"href":"https:\/\/impactodenoticias.com.ar\/index.php?rest_route=\/wp\/v2\/types\/post"}],"author":[{"embeddable":true,"href":"https:\/\/impactodenoticias.com.ar\/index.php?rest_route=\/wp\/v2\/users\/2"}],"replies":[{"embeddable":true,"href":"https:\/\/impactodenoticias.com.ar\/index.php?rest_route=%2Fwp%2Fv2%2Fcomments&post=29815"}],"version-history":[{"count":2,"href":"https:\/\/impactodenoticias.com.ar\/index.php?rest_route=\/wp\/v2\/posts\/29815\/revisions"}],"predecessor-version":[{"id":29824,"href":"https:\/\/impactodenoticias.com.ar\/index.php?rest_route=\/wp\/v2\/posts\/29815\/revisions\/29824"}],"wp:featuredmedia":[{"embeddable":true,"href":"https:\/\/impactodenoticias.com.ar\/index.php?rest_route=\/wp\/v2\/media\/29816"}],"wp:attachment":[{"href":"https:\/\/impactodenoticias.com.ar\/index.php?rest_route=%2Fwp%2Fv2%2Fmedia&parent=29815"}],"wp:term":[{"taxonomy":"category","embeddable":true,"href":"https:\/\/impactodenoticias.com.ar\/index.php?rest_route=%2Fwp%2Fv2%2Fcategories&post=29815"},{"taxonomy":"post_tag","embeddable":true,"href":"https:\/\/impactodenoticias.com.ar\/index.php?rest_route=%2Fwp%2Fv2%2Ftags&post=29815"}],"curies":[{"name":"wp","href":"https:\/\/api.w.org\/{rel}","templated":true}]}}