{"id":29821,"date":"2025-08-29T09:44:41","date_gmt":"2025-08-29T12:44:41","guid":{"rendered":"https:\/\/impactodenoticias.com.ar\/?p=29821"},"modified":"2025-08-30T10:14:58","modified_gmt":"2025-08-30T13:14:58","slug":"divisaron-un-puma-en-diamante","status":"publish","type":"post","link":"https:\/\/impactodenoticias.com.ar\/?p=29821","title":{"rendered":"Divisaron un Puma en Diamante"},"content":{"rendered":"\n<h2 class=\"wp-block-heading\">Personal de la Direcci\u00f3n de Recursos Naturales de Entre R\u00edos, junto con efectivos de la Brigada de Abigeato de la Polic\u00eda, realizan la b\u00fasqueda de un ejemplar de Puma (Puma concolor), que fue visto en la zona rural de Diamante, confirmaron oficialmente a ERA Verde.<\/h2>\n\n\n\n<p>El ejemplar fue visto por una familia que dio aviso a las autoridades que confirmaron el avistaje por huellas del animal. Se trata de una especie protegida, nativo y con antecedentes de habitar la zona. De ser necesario, se procurar\u00e1 atraparlo con una \u201cjaula automatizada\u201d para poder ser trasladado a un lugar donde pueda desplegar su actividad sin conflicto con humanos. Se pidi\u00f3 a quienes puedan llegar a toparse con este felino evitar toma contacto y llamar al tel\u00e9fono de Emergencias 911.<\/p>\n\n\n\n<p>\u201cTenemos llamados y fotos de huellas, de las u\u00f1as que dej\u00f3 marcada en un gallinero\u201d, se\u00f1al\u00f3 el director de Recursos Naturales y Fiscalizaci\u00f3n, Marcelo Sapetti sobre los rastros que dan cuenta de la presencia de un puma en una zona cercana a la ciudad de Diamante que se ha preservado precisar para su protecci\u00f3n. Ahora se aguarda tener noticias del animal, de este modo y con l posible informaci\u00f3n sea buscado por empleados de esta dependencia y uniformados de la Direcci\u00f3n de Prevenci\u00f3n de Delitos Rural de la Polic\u00eda, con el fin de poder capturarlo y ponerlo a resguardo.<\/p>\n\n\n\n<p>\u201cEstamos preparados con una jaula automatizada, con brigadistas especializados, esperando saber si aparece nuevamente o si se traslad\u00f3 a otro lugar\u201d, explic\u00f3 el funcionario a ERA Verde. En caso de poder dar con el ejemplar, se lo trasladar\u00e1 a un lugar donde pueda vivir libremente. De todos modos, Sapetti no descart\u00f3 que pueda continuar ocupando la zona sin ser molestado, ya que se trata de su territorio natural.<\/p>\n\n\n\n<p>De ser necesario, el puma podr\u00eda ser atrapado y llevado a un lugar seguro, se\u00f1al\u00f3 el responsable de Recursos Naturales, quien apunt\u00f3 que cuentan con antecedentes y registro de este gran felino americano en el territorio provincial. Adem\u00e1s, se destac\u00f3 que por adhesi\u00f3n a la Ley nacional N\u00ba 22.421 de Conservaci\u00f3n de la Fauna Silvestre, se trata de una especie protegida.<\/p>\n\n\n\n<p>La recomendaci\u00f3n si es visto es no tomar contacto y poner si aparece cercano a una propiedad e inmediatamente llamar a la Direcci\u00f3n de Recursos Naturales, al 0343 4208897, a la Brigada de Abigeato de la Polic\u00eda m\u00e1s cercana o al sistema de Emergencia 911.<\/p>\n","protected":false},"excerpt":{"rendered":"<p>Personal de la Direcci&oacute;n de Recursos Naturales de Entre R&iacute;os, junto con efectivos de la Brigada de Abigeato de la Polic&iacute;a, realizan la b&uacute;squeda de un ejemplar de Puma (Puma concolor), que fue visto en la zona rural de Diamante, confirmaron oficialmente a ERA Verde. El ejemplar fue visto por una familia que dio aviso [&hellip;]<\/p>\n","protected":false},"author":2,"featured_media":29822,"comment_status":"closed","ping_status":"closed","sticky":false,"template":"","format":"standard","meta":{"footnotes":""},"categories":[3,49],"tags":[73,4130],"class_list":["post-29821","post","type-post","status-publish","format-standard","has-post-thumbnail","hentry","category-locales","category-sociedad","tag-diamante","tag-puma"],"_links":{"self":[{"href":"https:\/\/impactodenoticias.com.ar\/index.php?rest_route=\/wp\/v2\/posts\/29821","targetHints":{"allow":["GET"]}}],"collection":[{"href":"https:\/\/impactodenoticias.com.ar\/index.php?rest_route=\/wp\/v2\/posts"}],"about":[{"href":"https:\/\/impactodenoticias.com.ar\/index.php?rest_route=\/wp\/v2\/types\/post"}],"author":[{"embeddable":true,"href":"https:\/\/impactodenoticias.com.ar\/index.php?rest_route=\/wp\/v2\/users\/2"}],"replies":[{"embeddable":true,"href":"https:\/\/impactodenoticias.com.ar\/index.php?rest_route=%2Fwp%2Fv2%2Fcomments&post=29821"}],"version-history":[{"count":1,"href":"https:\/\/impactodenoticias.com.ar\/index.php?rest_route=\/wp\/v2\/posts\/29821\/revisions"}],"predecessor-version":[{"id":29823,"href":"https:\/\/impactodenoticias.com.ar\/index.php?rest_route=\/wp\/v2\/posts\/29821\/revisions\/29823"}],"wp:featuredmedia":[{"embeddable":true,"href":"https:\/\/impactodenoticias.com.ar\/index.php?rest_route=\/wp\/v2\/media\/29822"}],"wp:attachment":[{"href":"https:\/\/impactodenoticias.com.ar\/index.php?rest_route=%2Fwp%2Fv2%2Fmedia&parent=29821"}],"wp:term":[{"taxonomy":"category","embeddable":true,"href":"https:\/\/impactodenoticias.com.ar\/index.php?rest_route=%2Fwp%2Fv2%2Fcategories&post=29821"},{"taxonomy":"post_tag","embeddable":true,"href":"https:\/\/impactodenoticias.com.ar\/index.php?rest_route=%2Fwp%2Fv2%2Ftags&post=29821"}],"curies":[{"name":"wp","href":"https:\/\/api.w.org\/{rel}","templated":true}]}}