{"id":29828,"date":"2025-08-30T09:58:54","date_gmt":"2025-08-30T12:58:54","guid":{"rendered":"https:\/\/impactodenoticias.com.ar\/?p=29828"},"modified":"2025-08-30T09:58:55","modified_gmt":"2025-08-30T12:58:55","slug":"se-registro-un-nuevo-accidente-vial-en-ruta-12-en-el-ingreso-a-crespo","status":"publish","type":"post","link":"https:\/\/impactodenoticias.com.ar\/?p=29828","title":{"rendered":"Se registr\u00f3 un nuevo accidente vial en Ruta 12 en el ingreso a Crespo"},"content":{"rendered":"\n<h2 class=\"wp-block-heading\">Ocurri\u00f3 un nuevo accidente vial en el ingreso a Crespo por Ruta 12, a la altura del Acceso Ra\u00fal Alfons\u00edn, a pocos metros del siniestro vial que se produjo este jueves y casi a la misma hora, sucedi\u00f3 en horas del mediod\u00eda.<\/h2>\n\n\n\n<p>El choque fue protagonizad por una camioneta Toyota Hilux, perteneciente a una Obra Social, y conducida por un paranaense; y una BMW Xdrive, que se encontraba al mando de un vecino de Crespo.<\/p>\n\n\n\n<p><\/p>\n\n\n\n<figure class=\"wp-block-image size-full\"><img loading=\"lazy\" decoding=\"async\" width=\"696\" height=\"369\" src=\"https:\/\/impactodenoticias.com.ar\/wp-content\/uploads\/2025\/08\/Accidente-Ruta-12-Crespo-1.webp\" alt=\"\" class=\"wp-image-29830\" srcset=\"https:\/\/impactodenoticias.com.ar\/wp-content\/uploads\/2025\/08\/Accidente-Ruta-12-Crespo-1.webp 696w, https:\/\/impactodenoticias.com.ar\/wp-content\/uploads\/2025\/08\/Accidente-Ruta-12-Crespo-1-300x159.webp 300w\" sizes=\"auto, (max-width: 696px) 100vw, 696px\" \/><\/figure>\n\n\n\n<p><\/p>\n\n\n\n<p>Por causas que se investigan, se produjo un impactante siniestro vial, que afortunadamente no registr\u00f3 personas heridas. Ambos conductores manifestaron no presentar dolencias que deriven en su traslado al nosocomio local.<\/p>\n\n\n\n<p>Personal de Tr\u00e1nsito Municipal labr\u00f3 las actas correspondientes, para ser presentadas con posterioridad en las respectivas compa\u00f1\u00edas aseguradoras.<\/p>\n\n\n\n<p>Se hicieron presentes tambi\u00e9n bomberos voluntarios de la ciudad, para brindar colaboraci\u00f3n en la prevenci\u00f3n vial y limpieza de la cinta asf\u00e1ltica.<\/p>\n","protected":false},"excerpt":{"rendered":"<p>Ocurri&oacute; un nuevo accidente vial en el ingreso a Crespo por Ruta 12, a la altura del Acceso Ra&uacute;l Alfons&iacute;n, a pocos metros del siniestro vial que se produjo este jueves y casi a la misma hora, sucedi&oacute; en horas del mediod&iacute;a. El choque fue protagonizad por una camioneta Toyota Hilux, perteneciente a una Obra [&hellip;]<\/p>\n","protected":false},"author":2,"featured_media":29829,"comment_status":"closed","ping_status":"closed","sticky":false,"template":"","format":"standard","meta":{"footnotes":""},"categories":[8,4],"tags":[120,337,118,293],"class_list":["post-29828","post","type-post","status-publish","format-standard","has-post-thumbnail","hentry","category-policiales","category-provinciales","tag-accidente","tag-crespo","tag-policiales","tag-ruta-12"],"_links":{"self":[{"href":"https:\/\/impactodenoticias.com.ar\/index.php?rest_route=\/wp\/v2\/posts\/29828","targetHints":{"allow":["GET"]}}],"collection":[{"href":"https:\/\/impactodenoticias.com.ar\/index.php?rest_route=\/wp\/v2\/posts"}],"about":[{"href":"https:\/\/impactodenoticias.com.ar\/index.php?rest_route=\/wp\/v2\/types\/post"}],"author":[{"embeddable":true,"href":"https:\/\/impactodenoticias.com.ar\/index.php?rest_route=\/wp\/v2\/users\/2"}],"replies":[{"embeddable":true,"href":"https:\/\/impactodenoticias.com.ar\/index.php?rest_route=%2Fwp%2Fv2%2Fcomments&post=29828"}],"version-history":[{"count":1,"href":"https:\/\/impactodenoticias.com.ar\/index.php?rest_route=\/wp\/v2\/posts\/29828\/revisions"}],"predecessor-version":[{"id":29831,"href":"https:\/\/impactodenoticias.com.ar\/index.php?rest_route=\/wp\/v2\/posts\/29828\/revisions\/29831"}],"wp:featuredmedia":[{"embeddable":true,"href":"https:\/\/impactodenoticias.com.ar\/index.php?rest_route=\/wp\/v2\/media\/29829"}],"wp:attachment":[{"href":"https:\/\/impactodenoticias.com.ar\/index.php?rest_route=%2Fwp%2Fv2%2Fmedia&parent=29828"}],"wp:term":[{"taxonomy":"category","embeddable":true,"href":"https:\/\/impactodenoticias.com.ar\/index.php?rest_route=%2Fwp%2Fv2%2Fcategories&post=29828"},{"taxonomy":"post_tag","embeddable":true,"href":"https:\/\/impactodenoticias.com.ar\/index.php?rest_route=%2Fwp%2Fv2%2Ftags&post=29828"}],"curies":[{"name":"wp","href":"https:\/\/api.w.org\/{rel}","templated":true}]}}