{"id":29848,"date":"2025-09-01T09:25:09","date_gmt":"2025-09-01T12:25:09","guid":{"rendered":"https:\/\/impactodenoticias.com.ar\/?p=29848"},"modified":"2025-09-01T10:12:59","modified_gmt":"2025-09-01T13:12:59","slug":"un-joven-motociclista-fallecio-al-chocar-contra-un-camion-estacionado-en-victoria","status":"publish","type":"post","link":"https:\/\/impactodenoticias.com.ar\/?p=29848","title":{"rendered":"Un joven motociclista falleci\u00f3 al chocar contra un cami\u00f3n estacionado en Victoria"},"content":{"rendered":"\n<h2 class=\"wp-block-heading\">El accidente de tr\u00e1nsito se registr\u00f3 alrededor de las 6:30, en la intersecci\u00f3n de San Mart\u00edn y Arenales de la ciudad de Victoria.<\/h2>\n\n\n\n<p>De acuerdo a la informaci\u00f3n brindada por fuentes policiales, se trat\u00f3 de una moto Yamaha YBR 125 cc, conducida por Roberto Ezequiel Antelo, domiciliado en calle Liniers 773, quien transitaba por San Mart\u00edn cuando, por causas que son materia de investigaci\u00f3n, embisti\u00f3 la parte trasera de un cami\u00f3n Mercedes Benz, que se encontraba detenido sobre la cinta asf\u00e1ltica.<\/p>\n\n\n\n<p>A ra\u00edz del fuerte impacto en la zona craneal, y no utilizar casco, falleci\u00f3 en el acto. El cuerpo fue trasladado a la morgue del hospital local para la realizaci\u00f3n de la autopsia.<\/p>\n\n\n\n<p>En el lugar dekl accidente trabajaron efectivos de la Jefatura Departamental Victoria, personal de emergencias m\u00e9dicas y de tr\u00e1nsito. La Fiscal\u00eda en turno dispuso las actuaciones de rigor.<\/p>\n","protected":false},"excerpt":{"rendered":"<p>El accidente de tr&aacute;nsito se registr&oacute; alrededor de las 6:30, en la intersecci&oacute;n de San Mart&iacute;n y Arenales de la ciudad de Victoria. De acuerdo a la informaci&oacute;n brindada por fuentes policiales, se trat&oacute; de una moto Yamaha YBR 125 cc, conducida por Roberto Ezequiel Antelo, domiciliado en calle Liniers 773, quien transitaba por San [&hellip;]<\/p>\n","protected":false},"author":2,"featured_media":29849,"comment_status":"closed","ping_status":"closed","sticky":false,"template":"","format":"standard","meta":{"footnotes":""},"categories":[8,4],"tags":[120,388,457,118,568],"class_list":["post-29848","post","type-post","status-publish","format-standard","has-post-thumbnail","hentry","category-policiales","category-provinciales","tag-accidente","tag-moto","tag-muerto","tag-policiales","tag-victoria"],"_links":{"self":[{"href":"https:\/\/impactodenoticias.com.ar\/index.php?rest_route=\/wp\/v2\/posts\/29848","targetHints":{"allow":["GET"]}}],"collection":[{"href":"https:\/\/impactodenoticias.com.ar\/index.php?rest_route=\/wp\/v2\/posts"}],"about":[{"href":"https:\/\/impactodenoticias.com.ar\/index.php?rest_route=\/wp\/v2\/types\/post"}],"author":[{"embeddable":true,"href":"https:\/\/impactodenoticias.com.ar\/index.php?rest_route=\/wp\/v2\/users\/2"}],"replies":[{"embeddable":true,"href":"https:\/\/impactodenoticias.com.ar\/index.php?rest_route=%2Fwp%2Fv2%2Fcomments&post=29848"}],"version-history":[{"count":1,"href":"https:\/\/impactodenoticias.com.ar\/index.php?rest_route=\/wp\/v2\/posts\/29848\/revisions"}],"predecessor-version":[{"id":29850,"href":"https:\/\/impactodenoticias.com.ar\/index.php?rest_route=\/wp\/v2\/posts\/29848\/revisions\/29850"}],"wp:featuredmedia":[{"embeddable":true,"href":"https:\/\/impactodenoticias.com.ar\/index.php?rest_route=\/wp\/v2\/media\/29849"}],"wp:attachment":[{"href":"https:\/\/impactodenoticias.com.ar\/index.php?rest_route=%2Fwp%2Fv2%2Fmedia&parent=29848"}],"wp:term":[{"taxonomy":"category","embeddable":true,"href":"https:\/\/impactodenoticias.com.ar\/index.php?rest_route=%2Fwp%2Fv2%2Fcategories&post=29848"},{"taxonomy":"post_tag","embeddable":true,"href":"https:\/\/impactodenoticias.com.ar\/index.php?rest_route=%2Fwp%2Fv2%2Ftags&post=29848"}],"curies":[{"name":"wp","href":"https:\/\/api.w.org\/{rel}","templated":true}]}}