{"id":29851,"date":"2025-09-01T10:15:50","date_gmt":"2025-09-01T13:15:50","guid":{"rendered":"https:\/\/impactodenoticias.com.ar\/?p=29851"},"modified":"2025-09-01T10:25:45","modified_gmt":"2025-09-01T13:25:45","slug":"concordia-un-motociclista-tuvo-que-ser-hospitalozado-tras-chocar-con-una-camioneta","status":"publish","type":"post","link":"https:\/\/impactodenoticias.com.ar\/?p=29851","title":{"rendered":"Concordia: un motociclista tuvo que ser hospitalozado tras chocar con una camioneta"},"content":{"rendered":"\n<h2 class=\"wp-block-heading\">Se produjo un nuevo accidente de tr\u00e1nsito en la ciudad de Concordia, sucedi\u00f3 el mediod\u00eda de este domingo. Aaproximadamente cerca de las 12:15, en la intersecci\u00f3n de calle Sara Neira y avenida Tavella, se produjo una colisi\u00f3n entre una camioneta marca Honda HR-V de color blanco y una motocicleta marca Motomel S2.<\/h2>\n\n\n\n<p>Por causas que son materia de investigaci\u00f3n, ambos veh\u00edculos impactaron en plena v\u00eda p\u00fablica, generando la intervenci\u00f3n del personal policial y de los servicios de emergencia.<\/p>\n\n\n\n<p>Al llegar al lugar la Polic\u00eda, el conductor de la moto ya hab\u00eda sido trasladado de urgencia hacia el hospital Delicia Concepci\u00f3n Masvernat, para su correcta asistencia m\u00e9dica. Si bien no se dieron a conocer datos oficiales sobre la gravedad de las lesiones sufridas, trascendi\u00f3 que presentaba diferentes golpes producto del impacto.<\/p>\n\n\n\n<p>Se llevaron a cabo las pericias correspondientes para lograr esclarecer la mec\u00e1nica del accidente.<\/p>\n","protected":false},"excerpt":{"rendered":"<p>Se produjo un nuevo accidente de tr&aacute;nsito en la ciudad de Concordia, sucedi&oacute; el mediod&iacute;a de este domingo. Aaproximadamente cerca de las 12:15, en la intersecci&oacute;n de calle Sara Neira y avenida Tavella, se produjo una colisi&oacute;n entre una camioneta marca Honda HR-V de color blanco y una motocicleta marca Motomel S2. Por causas que [&hellip;]<\/p>\n","protected":false},"author":2,"featured_media":29852,"comment_status":"closed","ping_status":"closed","sticky":false,"template":"","format":"standard","meta":{"footnotes":""},"categories":[8,4],"tags":[120,402,72,394,388,1439],"class_list":["post-29851","post","type-post","status-publish","format-standard","has-post-thumbnail","hentry","category-policiales","category-provinciales","tag-accidente","tag-camioneta","tag-concordia","tag-heridos","tag-moto","tag-transito"],"_links":{"self":[{"href":"https:\/\/impactodenoticias.com.ar\/index.php?rest_route=\/wp\/v2\/posts\/29851","targetHints":{"allow":["GET"]}}],"collection":[{"href":"https:\/\/impactodenoticias.com.ar\/index.php?rest_route=\/wp\/v2\/posts"}],"about":[{"href":"https:\/\/impactodenoticias.com.ar\/index.php?rest_route=\/wp\/v2\/types\/post"}],"author":[{"embeddable":true,"href":"https:\/\/impactodenoticias.com.ar\/index.php?rest_route=\/wp\/v2\/users\/2"}],"replies":[{"embeddable":true,"href":"https:\/\/impactodenoticias.com.ar\/index.php?rest_route=%2Fwp%2Fv2%2Fcomments&post=29851"}],"version-history":[{"count":1,"href":"https:\/\/impactodenoticias.com.ar\/index.php?rest_route=\/wp\/v2\/posts\/29851\/revisions"}],"predecessor-version":[{"id":29853,"href":"https:\/\/impactodenoticias.com.ar\/index.php?rest_route=\/wp\/v2\/posts\/29851\/revisions\/29853"}],"wp:featuredmedia":[{"embeddable":true,"href":"https:\/\/impactodenoticias.com.ar\/index.php?rest_route=\/wp\/v2\/media\/29852"}],"wp:attachment":[{"href":"https:\/\/impactodenoticias.com.ar\/index.php?rest_route=%2Fwp%2Fv2%2Fmedia&parent=29851"}],"wp:term":[{"taxonomy":"category","embeddable":true,"href":"https:\/\/impactodenoticias.com.ar\/index.php?rest_route=%2Fwp%2Fv2%2Fcategories&post=29851"},{"taxonomy":"post_tag","embeddable":true,"href":"https:\/\/impactodenoticias.com.ar\/index.php?rest_route=%2Fwp%2Fv2%2Ftags&post=29851"}],"curies":[{"name":"wp","href":"https:\/\/api.w.org\/{rel}","templated":true}]}}