{"id":29859,"date":"2025-09-01T10:36:20","date_gmt":"2025-09-01T13:36:20","guid":{"rendered":"https:\/\/impactodenoticias.com.ar\/?p=29859"},"modified":"2025-09-01T10:40:44","modified_gmt":"2025-09-01T13:40:44","slug":"ubajay-un-transporte-de-pasajeros-que-llevaba-una-familia-sufrio-un-desperfecto-en-la-ruta-e-impacto-violentamente-contra-un-guardarrail","status":"publish","type":"post","link":"https:\/\/impactodenoticias.com.ar\/?p=29859","title":{"rendered":"Ubajay: un transporte de pasajeros que llevaba una familia sufri\u00f3 un desperfecto en la ruta e impacto violentamente contra un guardarra\u00edl"},"content":{"rendered":"\n<h2 class=\"wp-block-heading\">El personal policial de Comisar\u00eda Ubajay dependiente de la Jefatura Departamental Col\u00f3n, intervino en un siniestro vial que se registr\u00f3 en el kil\u00f3metro 206 de la Autov\u00eda Gervasio Artigas, donde un minib\u00fas choc\u00f3 el guardarra\u00edl luego de sufrir un desperfecto.<\/h2>\n\n\n\n<p>El transporte trasladaba a un grupo familiar compuesto por 24 personas, conducido por un hombre de 34 a\u00f1os residente de la Provincia de Buenos Aires. Mientras que transitaba por dicha ruta en sentido de sur a norte, por razones que se tratan de establecer, habr\u00eda sufrido la rotura y desprendimiento del tren delantero, lo que provoc\u00f3 la p\u00e9rdida del control del rodado, impactante violentamente contra el guardarra\u00edl derecho.<\/p>\n\n\n\n<p>Afortunadamente no se registraron personas lesionadas, tampoco tuvo que interrumpirse el tr\u00e1nsito.<\/p>\n","protected":false},"excerpt":{"rendered":"<p>El personal policial de Comisar&iacute;a Ubajay dependiente de la Jefatura Departamental Col&oacute;n, intervino en un siniestro vial que se registr&oacute; en el kil&oacute;metro 206 de la Autov&iacute;a Gervasio Artigas, donde un minib&uacute;s choc&oacute; el guardarra&iacute;l luego de sufrir un desperfecto. El transporte trasladaba a un grupo familiar compuesto por 24 personas, conducido por un hombre [&hellip;]<\/p>\n","protected":false},"author":2,"featured_media":29860,"comment_status":"closed","ping_status":"closed","sticky":false,"template":"","format":"standard","meta":{"footnotes":""},"categories":[8,4],"tags":[4067,5794,5796,1883],"class_list":["post-29859","post","type-post","status-publish","format-standard","has-post-thumbnail","hentry","category-policiales","category-provinciales","tag-autovia","tag-guardarrail","tag-minibusc","tag-ubajay"],"_links":{"self":[{"href":"https:\/\/impactodenoticias.com.ar\/index.php?rest_route=\/wp\/v2\/posts\/29859","targetHints":{"allow":["GET"]}}],"collection":[{"href":"https:\/\/impactodenoticias.com.ar\/index.php?rest_route=\/wp\/v2\/posts"}],"about":[{"href":"https:\/\/impactodenoticias.com.ar\/index.php?rest_route=\/wp\/v2\/types\/post"}],"author":[{"embeddable":true,"href":"https:\/\/impactodenoticias.com.ar\/index.php?rest_route=\/wp\/v2\/users\/2"}],"replies":[{"embeddable":true,"href":"https:\/\/impactodenoticias.com.ar\/index.php?rest_route=%2Fwp%2Fv2%2Fcomments&post=29859"}],"version-history":[{"count":1,"href":"https:\/\/impactodenoticias.com.ar\/index.php?rest_route=\/wp\/v2\/posts\/29859\/revisions"}],"predecessor-version":[{"id":29861,"href":"https:\/\/impactodenoticias.com.ar\/index.php?rest_route=\/wp\/v2\/posts\/29859\/revisions\/29861"}],"wp:featuredmedia":[{"embeddable":true,"href":"https:\/\/impactodenoticias.com.ar\/index.php?rest_route=\/wp\/v2\/media\/29860"}],"wp:attachment":[{"href":"https:\/\/impactodenoticias.com.ar\/index.php?rest_route=%2Fwp%2Fv2%2Fmedia&parent=29859"}],"wp:term":[{"taxonomy":"category","embeddable":true,"href":"https:\/\/impactodenoticias.com.ar\/index.php?rest_route=%2Fwp%2Fv2%2Fcategories&post=29859"},{"taxonomy":"post_tag","embeddable":true,"href":"https:\/\/impactodenoticias.com.ar\/index.php?rest_route=%2Fwp%2Fv2%2Ftags&post=29859"}],"curies":[{"name":"wp","href":"https:\/\/api.w.org\/{rel}","templated":true}]}}