{"id":29893,"date":"2025-09-02T09:16:49","date_gmt":"2025-09-02T12:16:49","guid":{"rendered":"https:\/\/impactodenoticias.com.ar\/?p=29893"},"modified":"2025-09-02T09:16:49","modified_gmt":"2025-09-02T12:16:49","slug":"se-realizara-la-xxv-fiesta-provincial-de-la-pesca-del-armado-en-santa-elena","status":"publish","type":"post","link":"https:\/\/impactodenoticias.com.ar\/?p=29893","title":{"rendered":"Se realizar\u00e1 la XXV Fiesta provincial de la pesca del Armado en Santa Elena"},"content":{"rendered":"\n<h2 class=\"wp-block-heading\">Del 6 al 9 de noviembre, Santa Elena se viste de fiesta para celebrar 25 a\u00f1os de tradici\u00f3n en la Fiesta Provincial de la Pesca del Armado, un encuentro esperado por pescadores y amantes de la pesca de todo el pa\u00eds.<\/h2>\n\n\n\n<p>Durante estos cuatro d\u00edas, podr\u00e1s disfrutar de:<\/p>\n\n\n\n<ul class=\"wp-block-list\">\n<li>Fiesta del Chup\u00edn<\/li>\n\n\n\n<li>Jornada de pesca embarcada<\/li>\n\n\n\n<li>Gran cena de premiaci\u00f3n<\/li>\n\n\n\n<li>Torneo de pesca variada de costa<\/li>\n<\/ul>\n\n\n\n<p>Con m\u00e1s de $30.000.000 en premios y sorteos para los participantes.<\/p>\n\n\n\n<p><strong>Inscripciones<\/strong><\/p>\n\n\n\n<p><strong>Abon\u00e1 el costo total o en cuotas mediante:<\/strong><\/p>\n\n\n\n<p>Transferencia CBU: 3860027001000000096992<br>                      CC$: 027000009699<\/p>\n\n\n\n<p>Envi\u00e1 el comprobante al WhatsApp 3434567235 y registrate en la PescApp.<\/p>\n\n\n\n<p>No te pierdas esta experiencia \u00fanica que combina pesca, tradici\u00f3n y turismo. Seguinos en nuestras redes para acceder a reglamento, zona de pesca y m\u00e1s detalles.<\/p>\n\n\n\n<p><\/p>\n\n\n\n<figure class=\"wp-block-image size-full\"><img loading=\"lazy\" decoding=\"async\" width=\"473\" height=\"597\" src=\"https:\/\/impactodenoticias.com.ar\/wp-content\/uploads\/2025\/09\/Pesca-Armado-Santa-Elena.png\" alt=\"\" class=\"wp-image-29894\" srcset=\"https:\/\/impactodenoticias.com.ar\/wp-content\/uploads\/2025\/09\/Pesca-Armado-Santa-Elena.png 473w, https:\/\/impactodenoticias.com.ar\/wp-content\/uploads\/2025\/09\/Pesca-Armado-Santa-Elena-238x300.png 238w\" sizes=\"auto, (max-width: 473px) 100vw, 473px\" \/><\/figure>\n\n\n\n<p><\/p>\n","protected":false},"excerpt":{"rendered":"<p>Del 6 al 9 de noviembre, Santa Elena se viste de fiesta para celebrar 25 a&ntilde;os de tradici&oacute;n en la Fiesta Provincial de la Pesca del Armado, un encuentro esperado por pescadores y amantes de la pesca de todo el pa&iacute;s. Durante estos cuatro d&iacute;as, podr&aacute;s disfrutar de: Con m&aacute;s de $30.000.000 en premios y [&hellip;]<\/p>\n","protected":false},"author":2,"featured_media":29895,"comment_status":"closed","ping_status":"closed","sticky":false,"template":"","format":"standard","meta":{"footnotes":""},"categories":[1902,4],"tags":[5807,439],"class_list":["post-29893","post","type-post","status-publish","format-standard","has-post-thumbnail","hentry","category-municipales","category-provinciales","tag-fiesta-pesca-del-armado","tag-santa-elena"],"_links":{"self":[{"href":"https:\/\/impactodenoticias.com.ar\/index.php?rest_route=\/wp\/v2\/posts\/29893","targetHints":{"allow":["GET"]}}],"collection":[{"href":"https:\/\/impactodenoticias.com.ar\/index.php?rest_route=\/wp\/v2\/posts"}],"about":[{"href":"https:\/\/impactodenoticias.com.ar\/index.php?rest_route=\/wp\/v2\/types\/post"}],"author":[{"embeddable":true,"href":"https:\/\/impactodenoticias.com.ar\/index.php?rest_route=\/wp\/v2\/users\/2"}],"replies":[{"embeddable":true,"href":"https:\/\/impactodenoticias.com.ar\/index.php?rest_route=%2Fwp%2Fv2%2Fcomments&post=29893"}],"version-history":[{"count":1,"href":"https:\/\/impactodenoticias.com.ar\/index.php?rest_route=\/wp\/v2\/posts\/29893\/revisions"}],"predecessor-version":[{"id":29896,"href":"https:\/\/impactodenoticias.com.ar\/index.php?rest_route=\/wp\/v2\/posts\/29893\/revisions\/29896"}],"wp:featuredmedia":[{"embeddable":true,"href":"https:\/\/impactodenoticias.com.ar\/index.php?rest_route=\/wp\/v2\/media\/29895"}],"wp:attachment":[{"href":"https:\/\/impactodenoticias.com.ar\/index.php?rest_route=%2Fwp%2Fv2%2Fmedia&parent=29893"}],"wp:term":[{"taxonomy":"category","embeddable":true,"href":"https:\/\/impactodenoticias.com.ar\/index.php?rest_route=%2Fwp%2Fv2%2Fcategories&post=29893"},{"taxonomy":"post_tag","embeddable":true,"href":"https:\/\/impactodenoticias.com.ar\/index.php?rest_route=%2Fwp%2Fv2%2Ftags&post=29893"}],"curies":[{"name":"wp","href":"https:\/\/api.w.org\/{rel}","templated":true}]}}