{"id":29923,"date":"2025-09-04T08:16:44","date_gmt":"2025-09-04T11:16:44","guid":{"rendered":"https:\/\/impactodenoticias.com.ar\/?p=29923"},"modified":"2025-09-04T08:16:49","modified_gmt":"2025-09-04T11:16:49","slug":"victoria-un-joven-motociclista-murio-en-el-acto-tras-chocar-violentamente-con-un-auto","status":"publish","type":"post","link":"https:\/\/impactodenoticias.com.ar\/?p=29923","title":{"rendered":"Victoria: un joven motociclista muri\u00f3 en el acto tras chocar violentamente con un auto"},"content":{"rendered":"\n<h2 class=\"wp-block-heading\">Falleci\u00f3 un joven motociclista tras protagonizar un choque la madrugada de este jueves en Victoria. El fatal accidente de tr\u00f1ansito se registr\u00f3 en la zona c\u00e9ntrica de la ciudad e involucr\u00f3 a dos motos y un auto. Adem\u00e1s de la v\u00edctima fatal, hay otra persona herida de gravedad.<\/h2>\n\n\n\n<p>Seg\u00fan se inform\u00f3 a <strong>IMPACTO DE NOTICIAS<\/strong>, el accidente vial se dio en la intersecci\u00f3n de las calles Espa\u00f1a y Piaggio. En las motocicletas viajaban tres hombres y una mujer y, a ra\u00edz de la violencia del choque, uno de los motociclistas falleci\u00f3 en el acto.<\/p>\n\n\n\n<p><\/p>\n\n\n\n<figure class=\"wp-block-image size-full is-resized\"><img loading=\"lazy\" decoding=\"async\" width=\"694\" height=\"404\" src=\"https:\/\/impactodenoticias.com.ar\/wp-content\/uploads\/2025\/09\/Victoria-Acidente-Muerto-1.png\" alt=\"\" class=\"wp-image-29924\" style=\"width:840px;height:auto\" srcset=\"https:\/\/impactodenoticias.com.ar\/wp-content\/uploads\/2025\/09\/Victoria-Acidente-Muerto-1.png 694w, https:\/\/impactodenoticias.com.ar\/wp-content\/uploads\/2025\/09\/Victoria-Acidente-Muerto-1-300x175.png 300w\" sizes=\"auto, (max-width: 694px) 100vw, 694px\" \/><figcaption class=\"wp-element-caption\"><strong><em>Foto: Chikil\u00edn Albornoz<\/em><\/strong><\/figcaption><\/figure>\n\n\n\n<p>El auto involucrado es un M\u00e9gane azul y las motos son una Motomel 125 cc. y una Honda Wave 110 cc., en la que viajaba la v\u00edctima fatal, quien no ten\u00eda casco puesto al momento del choque.<\/p>\n\n\n\n<p>El joven fallecido tras protagonizar un choque la noche de este mi\u00e9rcoles en Victoria fue identificado, se trata de V\u00edctor Esp\u00edndola, de 24 a\u00f1os, quien conduc\u00eda una de las motos que colisionaron un auto en la esquina c\u00e9ntrica de la ciudad.<\/p>\n","protected":false},"excerpt":{"rendered":"<p>Falleci&oacute; un joven motociclista tras protagonizar un choque la madrugada de este jueves en Victoria. El fatal accidente de tr&ntilde;ansito se registr&oacute; en la zona c&eacute;ntrica de la ciudad e involucr&oacute; a dos motos y un auto. Adem&aacute;s de la v&iacute;ctima fatal, hay otra persona herida de gravedad. Seg&uacute;n se inform&oacute; a IMPACTO DE NOTICIAS, [&hellip;]<\/p>\n","protected":false},"author":2,"featured_media":29926,"comment_status":"closed","ping_status":"closed","sticky":false,"template":"","format":"standard","meta":{"footnotes":""},"categories":[8,4],"tags":[120,507,394,2347,457,118,568],"class_list":["post-29923","post","type-post","status-publish","format-standard","has-post-thumbnail","hentry","category-policiales","category-provinciales","tag-accidente","tag-auto","tag-heridos","tag-motos","tag-muerto","tag-policiales","tag-victoria"],"_links":{"self":[{"href":"https:\/\/impactodenoticias.com.ar\/index.php?rest_route=\/wp\/v2\/posts\/29923","targetHints":{"allow":["GET"]}}],"collection":[{"href":"https:\/\/impactodenoticias.com.ar\/index.php?rest_route=\/wp\/v2\/posts"}],"about":[{"href":"https:\/\/impactodenoticias.com.ar\/index.php?rest_route=\/wp\/v2\/types\/post"}],"author":[{"embeddable":true,"href":"https:\/\/impactodenoticias.com.ar\/index.php?rest_route=\/wp\/v2\/users\/2"}],"replies":[{"embeddable":true,"href":"https:\/\/impactodenoticias.com.ar\/index.php?rest_route=%2Fwp%2Fv2%2Fcomments&post=29923"}],"version-history":[{"count":1,"href":"https:\/\/impactodenoticias.com.ar\/index.php?rest_route=\/wp\/v2\/posts\/29923\/revisions"}],"predecessor-version":[{"id":29927,"href":"https:\/\/impactodenoticias.com.ar\/index.php?rest_route=\/wp\/v2\/posts\/29923\/revisions\/29927"}],"wp:featuredmedia":[{"embeddable":true,"href":"https:\/\/impactodenoticias.com.ar\/index.php?rest_route=\/wp\/v2\/media\/29926"}],"wp:attachment":[{"href":"https:\/\/impactodenoticias.com.ar\/index.php?rest_route=%2Fwp%2Fv2%2Fmedia&parent=29923"}],"wp:term":[{"taxonomy":"category","embeddable":true,"href":"https:\/\/impactodenoticias.com.ar\/index.php?rest_route=%2Fwp%2Fv2%2Fcategories&post=29923"},{"taxonomy":"post_tag","embeddable":true,"href":"https:\/\/impactodenoticias.com.ar\/index.php?rest_route=%2Fwp%2Fv2%2Ftags&post=29923"}],"curies":[{"name":"wp","href":"https:\/\/api.w.org\/{rel}","templated":true}]}}