{"id":29928,"date":"2025-09-04T08:24:56","date_gmt":"2025-09-04T11:24:56","guid":{"rendered":"https:\/\/impactodenoticias.com.ar\/?p=29928"},"modified":"2025-09-04T08:24:57","modified_gmt":"2025-09-04T11:24:57","slug":"parana-tras-persecucion-la-policia-secuestro-dos-ametralladoras-y-una-9-milimetros-en-un-operativo-en-la-zona-oeste","status":"publish","type":"post","link":"https:\/\/impactodenoticias.com.ar\/?p=29928","title":{"rendered":"Paran\u00e1: tras persecuci\u00f3n la Polic\u00eda secuestr\u00f3 dos ametralladoras y una 9 mil\u00edmetros en un operativo en la zona oeste"},"content":{"rendered":"\n<h2 class=\"wp-block-heading\">Un importante despliegue policial se lleva adelante en estos momentos, en la zona de calle Burmestein y Rep\u00fablica de Siria en la zona oeste de Paran\u00e1. El personal del \u00e1rea de Investigaciones de la Departamental Paran\u00e1 incaut\u00f3 dos ametralladoras, una pistola 9 mil\u00edmetros y municiones, en el interior de un veh\u00edculo.<\/h2>\n\n\n\n<p>Seg\u00fan se inform\u00f3 a <strong>IMPACTO DE NOTICIAS<\/strong>, el hecho se inici\u00f3 cuando personal policial intento detener la marcha de un autom\u00f3vil, que al notar la presencia policial se dio a la fuga. Luego de una breve persecuci\u00f3n que lleg\u00f3 hasta barrio Paran\u00e1 XVI, los dos ocupantes del auto descendieron y comenzaron a huir a pie.<\/p>\n\n\n\n<p><\/p>\n\n\n\n<figure class=\"wp-block-image size-full\"><img loading=\"lazy\" decoding=\"async\" width=\"696\" height=\"390\" src=\"https:\/\/impactodenoticias.com.ar\/wp-content\/uploads\/2025\/09\/Operativo-Policial.webp\" alt=\"\" class=\"wp-image-29929\" srcset=\"https:\/\/impactodenoticias.com.ar\/wp-content\/uploads\/2025\/09\/Operativo-Policial.webp 696w, https:\/\/impactodenoticias.com.ar\/wp-content\/uploads\/2025\/09\/Operativo-Policial-300x168.webp 300w\" sizes=\"auto, (max-width: 696px) 100vw, 696px\" \/><figcaption class=\"wp-element-caption\"><em><strong>Foto: Reporte 100.7<\/strong><\/em><\/figcaption><\/figure>\n\n\n\n<p>En el lugar se hizo presente el Jefe de la Departamental Paran\u00e1, Carlos Schmunk, quien acompa\u00f1\u00f3 al personal policial en los procedimientos que se est\u00e1n llevando a cabo por autorizaci\u00f3n del juez de Garant\u00edas, Elvio Garz\u00f3n, a pedido de la fiscal Huerto Felgueres.<\/p>\n\n\n\n<p>Los testigos colaboraron con la Polic\u00eda que tiene rodeado el barrio, ya que los hombres permanecen ocultos en la zona. Se cree que el poderoso armamento fue utilizado en varios hechos violentos acontecidos en Paran\u00e1 vinculados al narcomenudeo.<\/p>\n\n\n\n<p>En los allanamientos realizados se identific\u00f3 a una persona que es nombrada como autora de las tiroteos que se registraron en la zona de Primero de Mayo y barrio Giachino entre otros hechos.<\/p>\n","protected":false},"excerpt":{"rendered":"<p>Un importante despliegue policial se lleva adelante en estos momentos, en la zona de calle Burmestein y Rep&uacute;blica de Siria en la zona oeste de Paran&aacute;. El personal del &aacute;rea de Investigaciones de la Departamental Paran&aacute; incaut&oacute; dos ametralladoras, una pistola 9 mil&iacute;metros y municiones, en el interior de un veh&iacute;culo. Seg&uacute;n se inform&oacute; a [&hellip;]<\/p>\n","protected":false},"author":2,"featured_media":29930,"comment_status":"closed","ping_status":"closed","sticky":false,"template":"","format":"standard","meta":{"footnotes":""},"categories":[3,8],"tags":[1028,95,2986,118],"class_list":["post-29928","post","type-post","status-publish","format-standard","has-post-thumbnail","hentry","category-locales","category-policiales","tag-armas","tag-parana","tag-persecucion","tag-policiales"],"_links":{"self":[{"href":"https:\/\/impactodenoticias.com.ar\/index.php?rest_route=\/wp\/v2\/posts\/29928","targetHints":{"allow":["GET"]}}],"collection":[{"href":"https:\/\/impactodenoticias.com.ar\/index.php?rest_route=\/wp\/v2\/posts"}],"about":[{"href":"https:\/\/impactodenoticias.com.ar\/index.php?rest_route=\/wp\/v2\/types\/post"}],"author":[{"embeddable":true,"href":"https:\/\/impactodenoticias.com.ar\/index.php?rest_route=\/wp\/v2\/users\/2"}],"replies":[{"embeddable":true,"href":"https:\/\/impactodenoticias.com.ar\/index.php?rest_route=%2Fwp%2Fv2%2Fcomments&post=29928"}],"version-history":[{"count":1,"href":"https:\/\/impactodenoticias.com.ar\/index.php?rest_route=\/wp\/v2\/posts\/29928\/revisions"}],"predecessor-version":[{"id":29931,"href":"https:\/\/impactodenoticias.com.ar\/index.php?rest_route=\/wp\/v2\/posts\/29928\/revisions\/29931"}],"wp:featuredmedia":[{"embeddable":true,"href":"https:\/\/impactodenoticias.com.ar\/index.php?rest_route=\/wp\/v2\/media\/29930"}],"wp:attachment":[{"href":"https:\/\/impactodenoticias.com.ar\/index.php?rest_route=%2Fwp%2Fv2%2Fmedia&parent=29928"}],"wp:term":[{"taxonomy":"category","embeddable":true,"href":"https:\/\/impactodenoticias.com.ar\/index.php?rest_route=%2Fwp%2Fv2%2Fcategories&post=29928"},{"taxonomy":"post_tag","embeddable":true,"href":"https:\/\/impactodenoticias.com.ar\/index.php?rest_route=%2Fwp%2Fv2%2Ftags&post=29928"}],"curies":[{"name":"wp","href":"https:\/\/api.w.org\/{rel}","templated":true}]}}