{"id":29948,"date":"2025-09-04T10:54:49","date_gmt":"2025-09-04T13:54:49","guid":{"rendered":"https:\/\/impactodenoticias.com.ar\/?p=29948"},"modified":"2025-09-04T10:54:50","modified_gmt":"2025-09-04T13:54:50","slug":"el-intendente-de-estancia-grande-denuncia-al-dueno-de-una-radio-de-concordia-de-incentivar-desde-la-radio-usurpaciones-en-calabacilla","status":"publish","type":"post","link":"https:\/\/impactodenoticias.com.ar\/?p=29948","title":{"rendered":"El intendente de Estancia Grande denuncia al due\u00f1o de una radio de Concordia de incentivar desde la radio usurpaciones en Calabacilla"},"content":{"rendered":"\n<h2 class=\"wp-block-heading\">Javier Gold\u00edn, argument\u00f3 que el comunicador Jorge Valdez, propietario de FM R\u00e9cord de Concordia, habr\u00eda trasladado en un colectivo a familias para ocupar terrenos fiscales en Calabacilla.<\/h2>\n\n\n\n<p>El intendente de Estancia Grande, Javier Gold\u00edn, acompa\u00f1ado por el primer concejal H\u00e9ctor Mendieta,se reuni\u00f3 este mi\u00e9rcoles con el jefe de la Polic\u00eda Departamental de Concordia, Jos\u00e9 Mar\u00eda Rosatelli, luego de recibir denuncias de vecinos de la localidad de Calabacilla por la ocupaci\u00f3n irregular de terrenos fiscales.<\/p>\n\n\n\n<p>De acuerdo a testimonios recogidos por el municipio, cuatro familias provenientes de Concordia habr\u00edan sido trasladadas hasta el lugar en un transporte y asistidas en el armado de viviendas precarias. Las acusaciones se\u00f1alan a Jorge Luis Valdez, due\u00f1o de FM R\u00e9cord, una radio barrial con llegada en la zona norte de Concordia, a quien se se\u00f1ala como el organizador de los traslados. \u201cEl mismo los carg\u00f3 en un colectivo y los ayud\u00f3 a armar las casillas\u201d, informaron desde la comuna.<\/p>\n\n\n\n<p>Las autoridades municipales destacan que no se trata de un hecho aislado, sino de una maniobra con fines pol\u00edticos. De acuerdo a la informaci\u00f3n oficial, entre los ocupantes habr\u00eda personas con frondosos antecedentes judiciales, apellidos notorios dentro del ambiente delictivo en la ciudad de Concordia, lo que agrava la preocupaci\u00f3n por la seguridad y la convivencia en Calabacilla.<\/p>\n\n\n\n<p>\u201cEstancia Grande no es un bot\u00edn pol\u00edtico\u201d, destacaron desde el municipio, al tiempo que rechazaron el uso de familias vulnerables como instrumento de disputa. Para la Mumicipalidad, la situaci\u00f3n no solo constituye una usurpaci\u00f3n, sino adem\u00e1s un intento de desestabilizar la gesti\u00f3n de gobierno.<\/p>\n\n\n\n<p>Gold\u00edn solicit\u00f3 al jefe de Polic\u00eda de Concordia reforzar la presencia policial en la zona y garantizar el orden p\u00fablico. \u201cNo se trata solo de una ocupaci\u00f3n, sino de un intento de generar caos en una comunidad que quiere vivir en paz\u201d, apunt\u00f3 el intendente de Estancia Grande.<\/p>\n","protected":false},"excerpt":{"rendered":"<p>Javier Gold&iacute;n, argument&oacute; que el comunicador Jorge Valdez, propietario de FM R&eacute;cord de Concordia, habr&iacute;a trasladado en un colectivo a familias para ocupar terrenos fiscales en Calabacilla. El intendente de Estancia Grande, Javier Gold&iacute;n, acompa&ntilde;ado por el primer concejal H&eacute;ctor Mendieta,se reuni&oacute; este mi&eacute;rcoles con el jefe de la Polic&iacute;a Departamental de Concordia, Jos&eacute; Mar&iacute;a [&hellip;]<\/p>\n","protected":false},"author":2,"featured_media":29949,"comment_status":"closed","ping_status":"closed","sticky":false,"template":"","format":"standard","meta":{"footnotes":""},"categories":[8,11,4],"tags":[5324,72,68,2890,86,5822,2302,5821,156],"class_list":["post-29948","post","type-post","status-publish","format-standard","has-post-thumbnail","hentry","category-policiales","category-politica","category-provinciales","tag-calabacilla","tag-concordia","tag-denuncia","tag-dueno","tag-estancia-grande","tag-fm-record","tag-javier-goldin","tag-jorge-valdez","tag-radio"],"_links":{"self":[{"href":"https:\/\/impactodenoticias.com.ar\/index.php?rest_route=\/wp\/v2\/posts\/29948","targetHints":{"allow":["GET"]}}],"collection":[{"href":"https:\/\/impactodenoticias.com.ar\/index.php?rest_route=\/wp\/v2\/posts"}],"about":[{"href":"https:\/\/impactodenoticias.com.ar\/index.php?rest_route=\/wp\/v2\/types\/post"}],"author":[{"embeddable":true,"href":"https:\/\/impactodenoticias.com.ar\/index.php?rest_route=\/wp\/v2\/users\/2"}],"replies":[{"embeddable":true,"href":"https:\/\/impactodenoticias.com.ar\/index.php?rest_route=%2Fwp%2Fv2%2Fcomments&post=29948"}],"version-history":[{"count":1,"href":"https:\/\/impactodenoticias.com.ar\/index.php?rest_route=\/wp\/v2\/posts\/29948\/revisions"}],"predecessor-version":[{"id":29950,"href":"https:\/\/impactodenoticias.com.ar\/index.php?rest_route=\/wp\/v2\/posts\/29948\/revisions\/29950"}],"wp:featuredmedia":[{"embeddable":true,"href":"https:\/\/impactodenoticias.com.ar\/index.php?rest_route=\/wp\/v2\/media\/29949"}],"wp:attachment":[{"href":"https:\/\/impactodenoticias.com.ar\/index.php?rest_route=%2Fwp%2Fv2%2Fmedia&parent=29948"}],"wp:term":[{"taxonomy":"category","embeddable":true,"href":"https:\/\/impactodenoticias.com.ar\/index.php?rest_route=%2Fwp%2Fv2%2Fcategories&post=29948"},{"taxonomy":"post_tag","embeddable":true,"href":"https:\/\/impactodenoticias.com.ar\/index.php?rest_route=%2Fwp%2Fv2%2Ftags&post=29948"}],"curies":[{"name":"wp","href":"https:\/\/api.w.org\/{rel}","templated":true}]}}