{"id":29951,"date":"2025-09-04T11:02:46","date_gmt":"2025-09-04T14:02:46","guid":{"rendered":"https:\/\/impactodenoticias.com.ar\/?p=29951"},"modified":"2025-09-05T10:23:42","modified_gmt":"2025-09-05T13:23:42","slug":"ariel-weiss-no-aprueba-el-acto-politico-de-gaillard-en-la-unidad-basica-de-viale","status":"publish","type":"post","link":"https:\/\/impactodenoticias.com.ar\/?p=29951","title":{"rendered":"Ariel Weiss no aprueba el acto pol\u00edtico de Gaillard en la Unidad B\u00e1sica de Viale"},"content":{"rendered":"\n<h2 class=\"wp-block-heading\">El intendente de Colonia Avellaneda y presidente del Consejo Departamental del PJ Paran\u00e1 Campa\u00f1a, Ariel Weiss, confront\u00f3 la convocatoria de Carolina Gaillard en la Unidad B\u00e1sica de Viale. En declaraciones a los medios de comunicaci\u00f3n, desautoriz\u00f3 la actividad y critic\u00f3 el accionar de la diputada.<\/h2>\n\n\n\n<p>Weiss se\u00f1al\u00f3 que la dirigencia de la B\u00e1sica entendi\u00f3 que Gaillard hab\u00eda solicitado el espacio en su car\u00e1cter de diputada nacional, y no como candidata. \u201cHabiendo tenido di\u00e1logo con el presidente de la Unidad B\u00e1sica, los compa\u00f1eros interpretaron que ven\u00eda como diputada. Posteriormente, por publicaciones de ella, qued\u00f3 en evidencia que el inter\u00e9s era netamente partidario y no de su funci\u00f3n. Jam\u00e1s desde las redes de la unidad b\u00e1sica se promocion\u00f3 el encuentro\u201d, asegur\u00f3.<\/p>\n\n\n\n<p>El presidente del Consejo Departamental Paran\u00e1 Campa\u00f1a del PJ cuestion\u00f3 directamente a Gaillard: \u201cHace 12 a\u00f1os que ocupa una banca y hoy, por fuera de lo partidario, quiere seguir utilizando una banca. Permitir un encuentro en una Unidad B\u00e1sica, por m\u00e1s que hoy sea diputada, es confundir a los compa\u00f1eros cuando la \u00fanica lista justicialista que hay es la de Guillermo Michel\u201d.<\/p>\n\n\n\n<p>Weiss fue tajante: \u201cNo se busca censurar ni proscribir a nadie, pero si ella tom\u00f3 la decisi\u00f3n personal de jugar por fuera de la estructura partidaria, no puede seguir usando a la estructura partidaria en beneficios personales. La candidata no puede seguir utilizando las herramientas partidarias en ese sentido\u201d, apunt\u00f3.<\/p>\n","protected":false},"excerpt":{"rendered":"<p>El intendente de Colonia Avellaneda y presidente del Consejo Departamental del PJ Paran&aacute; Campa&ntilde;a, Ariel Weiss, confront&oacute; la convocatoria de Carolina Gaillard en la Unidad B&aacute;sica de Viale. En declaraciones a los medios de comunicaci&oacute;n, desautoriz&oacute; la actividad y critic&oacute; el accionar de la diputada. Weiss se&ntilde;al&oacute; que la dirigencia de la B&aacute;sica entendi&oacute; que [&hellip;]<\/p>\n","protected":false},"author":2,"featured_media":29952,"comment_status":"closed","ping_status":"closed","sticky":false,"template":"","format":"standard","meta":{"footnotes":""},"categories":[3,11],"tags":[884,1024,5823,590,5825,5158,1412],"class_list":["post-29951","post","type-post","status-publish","format-standard","has-post-thumbnail","hentry","category-locales","category-politica","tag-acto","tag-ariel-weiss","tag-basica","tag-carolina-gaillard","tag-desautorizacion","tag-unidad","tag-viale"],"_links":{"self":[{"href":"https:\/\/impactodenoticias.com.ar\/index.php?rest_route=\/wp\/v2\/posts\/29951","targetHints":{"allow":["GET"]}}],"collection":[{"href":"https:\/\/impactodenoticias.com.ar\/index.php?rest_route=\/wp\/v2\/posts"}],"about":[{"href":"https:\/\/impactodenoticias.com.ar\/index.php?rest_route=\/wp\/v2\/types\/post"}],"author":[{"embeddable":true,"href":"https:\/\/impactodenoticias.com.ar\/index.php?rest_route=\/wp\/v2\/users\/2"}],"replies":[{"embeddable":true,"href":"https:\/\/impactodenoticias.com.ar\/index.php?rest_route=%2Fwp%2Fv2%2Fcomments&post=29951"}],"version-history":[{"count":1,"href":"https:\/\/impactodenoticias.com.ar\/index.php?rest_route=\/wp\/v2\/posts\/29951\/revisions"}],"predecessor-version":[{"id":29953,"href":"https:\/\/impactodenoticias.com.ar\/index.php?rest_route=\/wp\/v2\/posts\/29951\/revisions\/29953"}],"wp:featuredmedia":[{"embeddable":true,"href":"https:\/\/impactodenoticias.com.ar\/index.php?rest_route=\/wp\/v2\/media\/29952"}],"wp:attachment":[{"href":"https:\/\/impactodenoticias.com.ar\/index.php?rest_route=%2Fwp%2Fv2%2Fmedia&parent=29951"}],"wp:term":[{"taxonomy":"category","embeddable":true,"href":"https:\/\/impactodenoticias.com.ar\/index.php?rest_route=%2Fwp%2Fv2%2Fcategories&post=29951"},{"taxonomy":"post_tag","embeddable":true,"href":"https:\/\/impactodenoticias.com.ar\/index.php?rest_route=%2Fwp%2Fv2%2Ftags&post=29951"}],"curies":[{"name":"wp","href":"https:\/\/api.w.org\/{rel}","templated":true}]}}