{"id":29998,"date":"2025-09-06T10:35:57","date_gmt":"2025-09-06T13:35:57","guid":{"rendered":"https:\/\/impactodenoticias.com.ar\/?p=29998"},"modified":"2025-09-06T10:35:58","modified_gmt":"2025-09-06T13:35:58","slug":"tiros-y-persecucion-policial-en-colonia-avellaneda","status":"publish","type":"post","link":"https:\/\/impactodenoticias.com.ar\/?p=29998","title":{"rendered":"Tiros y persecuci\u00f3n policial en Colonia Avellaneda"},"content":{"rendered":"\n<h2 class=\"wp-block-heading\">Momentos de gran incertidumbre ocurrieron este viernes en horas de la noche en Colonia Avellaneda, cuando una persona a bordo de un veh\u00edculo VW Bora le efectu\u00f3 varios tiros a un joven de 27 a\u00f1os, dos de ellos impactaron en el brazo y t\u00f3rax del joven.<\/h2>\n\n\n\n<p>El ataque se registr\u00f3 cerca de las 23.45. El joven herido fue derivado conceleridad al hospital San Mart\u00edn de Paran\u00e1.<\/p>\n\n\n\n<p>El r\u00e1pido accionar policial de la Divisi\u00f3n Homicidios que se encontraba en los alrededores, en conjunto con personal de Comisar\u00eda Colonia Avellaneda, persiguieron al autom\u00f3vil desde donde se efectuaron los disparos.<\/p>\n\n\n\n<p>Al darle alcance, el conductor sali\u00f3 corriendo y arroj\u00f3 un morral, no obstante a unos metros fue aprehendido por personal de Homicidios. Se pudo observar que en el morral llevaba una pistola .22 con cartucher\u00eda en cargador y rec\u00e1mara.<\/p>\n\n\n\n<p>El fiscal orden\u00f3 la detenci\u00f3n de este joven. Se trata de Ezequiel D\u00edaz, de 25 a\u00f1os, adem\u00e1s del secuestro del autom\u00f3vil y el arma de fuego.<\/p>\n","protected":false},"excerpt":{"rendered":"<p>Momentos de gran incertidumbre ocurrieron este viernes en horas de la noche en Colonia Avellaneda, cuando una persona a bordo de un veh&iacute;culo VW Bora le efectu&oacute; varios tiros a un joven de 27 a&ntilde;os, dos de ellos impactaron en el brazo y t&oacute;rax del joven. El ataque se registr&oacute; cerca de las 23.45. El [&hellip;]<\/p>\n","protected":false},"author":2,"featured_media":29999,"comment_status":"closed","ping_status":"closed","sticky":false,"template":"","format":"standard","meta":{"footnotes":""},"categories":[3,8],"tags":[344,1003,1037,2986,118],"class_list":["post-29998","post","type-post","status-publish","format-standard","has-post-thumbnail","hentry","category-locales","category-policiales","tag-colonia-avellaneda","tag-detencion","tag-disparos","tag-persecucion","tag-policiales"],"_links":{"self":[{"href":"https:\/\/impactodenoticias.com.ar\/index.php?rest_route=\/wp\/v2\/posts\/29998","targetHints":{"allow":["GET"]}}],"collection":[{"href":"https:\/\/impactodenoticias.com.ar\/index.php?rest_route=\/wp\/v2\/posts"}],"about":[{"href":"https:\/\/impactodenoticias.com.ar\/index.php?rest_route=\/wp\/v2\/types\/post"}],"author":[{"embeddable":true,"href":"https:\/\/impactodenoticias.com.ar\/index.php?rest_route=\/wp\/v2\/users\/2"}],"replies":[{"embeddable":true,"href":"https:\/\/impactodenoticias.com.ar\/index.php?rest_route=%2Fwp%2Fv2%2Fcomments&post=29998"}],"version-history":[{"count":1,"href":"https:\/\/impactodenoticias.com.ar\/index.php?rest_route=\/wp\/v2\/posts\/29998\/revisions"}],"predecessor-version":[{"id":30000,"href":"https:\/\/impactodenoticias.com.ar\/index.php?rest_route=\/wp\/v2\/posts\/29998\/revisions\/30000"}],"wp:featuredmedia":[{"embeddable":true,"href":"https:\/\/impactodenoticias.com.ar\/index.php?rest_route=\/wp\/v2\/media\/29999"}],"wp:attachment":[{"href":"https:\/\/impactodenoticias.com.ar\/index.php?rest_route=%2Fwp%2Fv2%2Fmedia&parent=29998"}],"wp:term":[{"taxonomy":"category","embeddable":true,"href":"https:\/\/impactodenoticias.com.ar\/index.php?rest_route=%2Fwp%2Fv2%2Fcategories&post=29998"},{"taxonomy":"post_tag","embeddable":true,"href":"https:\/\/impactodenoticias.com.ar\/index.php?rest_route=%2Fwp%2Fv2%2Ftags&post=29998"}],"curies":[{"name":"wp","href":"https:\/\/api.w.org\/{rel}","templated":true}]}}