{"id":30008,"date":"2025-09-06T10:53:54","date_gmt":"2025-09-06T13:53:54","guid":{"rendered":"https:\/\/impactodenoticias.com.ar\/?p=30008"},"modified":"2025-09-06T10:53:54","modified_gmt":"2025-09-06T13:53:54","slug":"ruta-12-se-registro-un-fatal-siniestro-vial-dejando-como-saldo-tres-personas-muertas-en-el-acto","status":"publish","type":"post","link":"https:\/\/impactodenoticias.com.ar\/?p=30008","title":{"rendered":"Ruta 12: se registr\u00f3 un fatal siniestro vial dejando como saldo tres personas muertas en el acto"},"content":{"rendered":"\n<h2 class=\"wp-block-heading\">Un nuevo accidente vial se produjo en la zona sur de Entre R\u00edos. Tres personas fallecineron en el acto al ser embestidos por un tren de carga. El grave accidente vial se produjo este s\u00e1bado, aproximadamente a las 7 de la ma\u00f1ana, en el kil\u00f3metro 190 de la Ruta 12, en el departamento Islas.<\/h2>\n\n\n\n<p>Un tren de cargas que trasnsportaba cereal, desde Basavilbaso a Puerto Guaz\u00fa, fue embestido violentamente al cruzar la v\u00eda sobre la ruta, por una camioneta Toyota. El siniestro vial se registr\u00f3 en la zona cercana a M\u00e9danos, al arribar el personal policial se confirm\u00f3 que hab\u00eda tres personas fallecidas en el rodado.<\/p>\n\n\n\n<p><\/p>\n\n\n\n<figure class=\"wp-block-image size-full\"><img loading=\"lazy\" decoding=\"async\" width=\"696\" height=\"392\" src=\"https:\/\/impactodenoticias.com.ar\/wp-content\/uploads\/2025\/09\/tres-muertos-medanos-camioneta-tren-1.webp\" alt=\"\" class=\"wp-image-30009\" srcset=\"https:\/\/impactodenoticias.com.ar\/wp-content\/uploads\/2025\/09\/tres-muertos-medanos-camioneta-tren-1.webp 696w, https:\/\/impactodenoticias.com.ar\/wp-content\/uploads\/2025\/09\/tres-muertos-medanos-camioneta-tren-1-300x169.webp 300w\" sizes=\"auto, (max-width: 696px) 100vw, 696px\" \/><\/figure>\n\n\n\n<p><\/p>\n\n\n\n<p>Una persona qued\u00f3 en grave estado y fue derivado al Hospital San Antonio de Gualeguay.<\/p>\n\n\n\n<p>El tr\u00e1nsito sobre la Ruta 12 tuvo que ser interrumpido en su totalidad. Trascendi\u00f3 que las v\u00edctimas fatales eran oriundos de la provincia de Misiones.<\/p>\n","protected":false},"excerpt":{"rendered":"<p>Un nuevo accidente vial se produjo en la zona sur de Entre R&iacute;os. Tres personas fallecineron en el acto al ser embestidos por un tren de carga. El grave accidente vial se produjo este s&aacute;bado, aproximadamente a las 7 de la ma&ntilde;ana, en el kil&oacute;metro 190 de la Ruta 12, en el departamento Islas. Un [&hellip;]<\/p>\n","protected":false},"author":2,"featured_media":30010,"comment_status":"closed","ping_status":"closed","sticky":false,"template":"","format":"standard","meta":{"footnotes":""},"categories":[8,4],"tags":[120,402,96,141,2765,1943,118,293,4379,345],"class_list":["post-30008","post","type-post","status-publish","format-standard","has-post-thumbnail","hentry","category-policiales","category-provinciales","tag-accidente","tag-camioneta","tag-gualeguay","tag-hospital","tag-medanos","tag-muertos","tag-policiales","tag-ruta-12","tag-san-antonio","tag-tren"],"_links":{"self":[{"href":"https:\/\/impactodenoticias.com.ar\/index.php?rest_route=\/wp\/v2\/posts\/30008","targetHints":{"allow":["GET"]}}],"collection":[{"href":"https:\/\/impactodenoticias.com.ar\/index.php?rest_route=\/wp\/v2\/posts"}],"about":[{"href":"https:\/\/impactodenoticias.com.ar\/index.php?rest_route=\/wp\/v2\/types\/post"}],"author":[{"embeddable":true,"href":"https:\/\/impactodenoticias.com.ar\/index.php?rest_route=\/wp\/v2\/users\/2"}],"replies":[{"embeddable":true,"href":"https:\/\/impactodenoticias.com.ar\/index.php?rest_route=%2Fwp%2Fv2%2Fcomments&post=30008"}],"version-history":[{"count":1,"href":"https:\/\/impactodenoticias.com.ar\/index.php?rest_route=\/wp\/v2\/posts\/30008\/revisions"}],"predecessor-version":[{"id":30011,"href":"https:\/\/impactodenoticias.com.ar\/index.php?rest_route=\/wp\/v2\/posts\/30008\/revisions\/30011"}],"wp:featuredmedia":[{"embeddable":true,"href":"https:\/\/impactodenoticias.com.ar\/index.php?rest_route=\/wp\/v2\/media\/30010"}],"wp:attachment":[{"href":"https:\/\/impactodenoticias.com.ar\/index.php?rest_route=%2Fwp%2Fv2%2Fmedia&parent=30008"}],"wp:term":[{"taxonomy":"category","embeddable":true,"href":"https:\/\/impactodenoticias.com.ar\/index.php?rest_route=%2Fwp%2Fv2%2Fcategories&post=30008"},{"taxonomy":"post_tag","embeddable":true,"href":"https:\/\/impactodenoticias.com.ar\/index.php?rest_route=%2Fwp%2Fv2%2Ftags&post=30008"}],"curies":[{"name":"wp","href":"https:\/\/api.w.org\/{rel}","templated":true}]}}