{"id":30032,"date":"2025-09-08T18:10:10","date_gmt":"2025-09-08T21:10:10","guid":{"rendered":"https:\/\/impactodenoticias.com.ar\/?p=30032"},"modified":"2025-09-08T18:10:11","modified_gmt":"2025-09-08T21:10:11","slug":"un-auto-se-incendio-mientras-se-desplazaba-por-ruta-18-afortunadamente-el-conductor-no-sufrio-heridas","status":"publish","type":"post","link":"https:\/\/impactodenoticias.com.ar\/?p=30032","title":{"rendered":"Un auto se incendi\u00f3 mientras se desplazaba por Ruta 18: afortunadamente el conductor no sufri\u00f3 heridas"},"content":{"rendered":"\n<h2 class=\"wp-block-heading\">Un veh\u00edculo se incendi\u00f3 por completo este lunes en horas de la ma\u00f1ana mientras circulaba por Ruta Nacional 18, en cercan\u00edas de Jubileo, en el l\u00edmite de los departamentos Villaguay y San Salvador.<\/h2>\n\n\n\n<p>El siniestro vial se produjo alrededor de las 10, en el kil\u00f3metro 192, a poco m\u00e1s de 10 kil\u00f3metros de la ciudad de San Salvador. El auto Volkswagen Passat era conducido por un joven de 21 a\u00f1os domiciliado en Villa Elisa, departamento Col\u00f3n.<\/p>\n\n\n\n<p>Mientras circulaba por la ruta en sentido oeste-este se produjo el incendio. Inicialmente intervino personal policial de la Comisar\u00eda Jubileo, quienes solicit\u00f3 la colaboraci\u00f3n de los Bomberos Voluntarios de San Salvador.<\/p>\n\n\n\n<p>Los bomberos pudieron sofocar las llamas, pero el veh\u00edculo result\u00f3 totalmente consumido por el fuego.<\/p>\n","protected":false},"excerpt":{"rendered":"<p>Un veh&iacute;culo se incendi&oacute; por completo este lunes en horas de la ma&ntilde;ana mientras circulaba por Ruta Nacional 18, en cercan&iacute;as de Jubileo, en el l&iacute;mite de los departamentos Villaguay y San Salvador. El siniestro vial se produjo alrededor de las 10, en el kil&oacute;metro 192, a poco m&aacute;s de 10 kil&oacute;metros de la ciudad [&hellip;]<\/p>\n","protected":false},"author":2,"featured_media":30033,"comment_status":"closed","ping_status":"closed","sticky":false,"template":"","format":"standard","meta":{"footnotes":""},"categories":[8,4],"tags":[566,4697,227,3177,1854,4161,55],"class_list":["post-30032","post","type-post","status-publish","format-standard","has-post-thumbnail","hentry","category-policiales","category-provinciales","tag-automovil","tag-destruccion","tag-incendio","tag-jubileo","tag-ruta-18","tag-total","tag-villaguay"],"_links":{"self":[{"href":"https:\/\/impactodenoticias.com.ar\/index.php?rest_route=\/wp\/v2\/posts\/30032","targetHints":{"allow":["GET"]}}],"collection":[{"href":"https:\/\/impactodenoticias.com.ar\/index.php?rest_route=\/wp\/v2\/posts"}],"about":[{"href":"https:\/\/impactodenoticias.com.ar\/index.php?rest_route=\/wp\/v2\/types\/post"}],"author":[{"embeddable":true,"href":"https:\/\/impactodenoticias.com.ar\/index.php?rest_route=\/wp\/v2\/users\/2"}],"replies":[{"embeddable":true,"href":"https:\/\/impactodenoticias.com.ar\/index.php?rest_route=%2Fwp%2Fv2%2Fcomments&post=30032"}],"version-history":[{"count":1,"href":"https:\/\/impactodenoticias.com.ar\/index.php?rest_route=\/wp\/v2\/posts\/30032\/revisions"}],"predecessor-version":[{"id":30034,"href":"https:\/\/impactodenoticias.com.ar\/index.php?rest_route=\/wp\/v2\/posts\/30032\/revisions\/30034"}],"wp:featuredmedia":[{"embeddable":true,"href":"https:\/\/impactodenoticias.com.ar\/index.php?rest_route=\/wp\/v2\/media\/30033"}],"wp:attachment":[{"href":"https:\/\/impactodenoticias.com.ar\/index.php?rest_route=%2Fwp%2Fv2%2Fmedia&parent=30032"}],"wp:term":[{"taxonomy":"category","embeddable":true,"href":"https:\/\/impactodenoticias.com.ar\/index.php?rest_route=%2Fwp%2Fv2%2Fcategories&post=30032"},{"taxonomy":"post_tag","embeddable":true,"href":"https:\/\/impactodenoticias.com.ar\/index.php?rest_route=%2Fwp%2Fv2%2Ftags&post=30032"}],"curies":[{"name":"wp","href":"https:\/\/api.w.org\/{rel}","templated":true}]}}