{"id":30045,"date":"2025-09-09T09:37:47","date_gmt":"2025-09-09T12:37:47","guid":{"rendered":"https:\/\/impactodenoticias.com.ar\/?p=30045"},"modified":"2025-09-09T09:37:48","modified_gmt":"2025-09-09T12:37:48","slug":"grave-hecho-en-parana-una-persona-muerta-y-dos-heridas-tras-un-enfrentamiento-armado-en-el-barrio-capiba","status":"publish","type":"post","link":"https:\/\/impactodenoticias.com.ar\/?p=30045","title":{"rendered":"Grave hecho en Paran\u00e1: una persona muerta y dos heridas tras un enfrentamiento armado en el barrio Capib\u00e1"},"content":{"rendered":"\n<h2 class=\"wp-block-heading\">Tras un enfrentamiento armado en el barrio Capib\u00e1 de la capital entrerriana, un hombre result\u00f3 muertp y otros dos terminaron heridos. El grave hecho se produjo en los \u00faltimos minutos de este lunes, en calle 937. En el lugar trabaj\u00f3 la Divisi\u00f3n Homicidios.<\/h2>\n\n\n\n<p>Seg\u00fan se inform\u00f3 a <strong>IMPACTO DE NOTICIAS<\/strong>, los heridos fueron trasladados al hospital San Mart\u00edn para su atenci\u00f3n, efectivos policiales entrevistaban a vecinos del lugar para determinar el origen del hecho.<\/p>\n\n\n\n<p>El ataque se presume que se produjo tras una pelea entre un grupo de personas que tiene problemas de vieja data. Los primeros datos aportados por los testigos, se\u00f1alaron que el agresor estaba peleando contra dos personas. Y en un momento extrajo un arma de fuego y comenz\u00f3 a disparar, terminando con la vida de uno e hiriendo a otros dos.<\/p>\n\n\n\n<p>Noticia en desarrollo\u2026<\/p>\n","protected":false},"excerpt":{"rendered":"<p>Tras un enfrentamiento armado en el barrio Capib&aacute; de la capital entrerriana, un hombre result&oacute; muertp y otros dos terminaron heridos. El grave hecho se produjo en los &uacute;ltimos minutos de este lunes, en calle 937. En el lugar trabaj&oacute; la Divisi&oacute;n Homicidios. Seg&uacute;n se inform&oacute; a IMPACTO DE NOTICIAS, los heridos fueron trasladados al [&hellip;]<\/p>\n","protected":false},"author":2,"featured_media":30046,"comment_status":"closed","ping_status":"closed","sticky":false,"template":"","format":"standard","meta":{"footnotes":""},"categories":[3,8],"tags":[2773,3003,2575,394,457,95,118],"class_list":["post-30045","post","type-post","status-publish","format-standard","has-post-thumbnail","hentry","category-locales","category-policiales","tag-armado","tag-capiba","tag-enfrentamiento","tag-heridos","tag-muerto","tag-parana","tag-policiales"],"_links":{"self":[{"href":"https:\/\/impactodenoticias.com.ar\/index.php?rest_route=\/wp\/v2\/posts\/30045","targetHints":{"allow":["GET"]}}],"collection":[{"href":"https:\/\/impactodenoticias.com.ar\/index.php?rest_route=\/wp\/v2\/posts"}],"about":[{"href":"https:\/\/impactodenoticias.com.ar\/index.php?rest_route=\/wp\/v2\/types\/post"}],"author":[{"embeddable":true,"href":"https:\/\/impactodenoticias.com.ar\/index.php?rest_route=\/wp\/v2\/users\/2"}],"replies":[{"embeddable":true,"href":"https:\/\/impactodenoticias.com.ar\/index.php?rest_route=%2Fwp%2Fv2%2Fcomments&post=30045"}],"version-history":[{"count":1,"href":"https:\/\/impactodenoticias.com.ar\/index.php?rest_route=\/wp\/v2\/posts\/30045\/revisions"}],"predecessor-version":[{"id":30047,"href":"https:\/\/impactodenoticias.com.ar\/index.php?rest_route=\/wp\/v2\/posts\/30045\/revisions\/30047"}],"wp:featuredmedia":[{"embeddable":true,"href":"https:\/\/impactodenoticias.com.ar\/index.php?rest_route=\/wp\/v2\/media\/30046"}],"wp:attachment":[{"href":"https:\/\/impactodenoticias.com.ar\/index.php?rest_route=%2Fwp%2Fv2%2Fmedia&parent=30045"}],"wp:term":[{"taxonomy":"category","embeddable":true,"href":"https:\/\/impactodenoticias.com.ar\/index.php?rest_route=%2Fwp%2Fv2%2Fcategories&post=30045"},{"taxonomy":"post_tag","embeddable":true,"href":"https:\/\/impactodenoticias.com.ar\/index.php?rest_route=%2Fwp%2Fv2%2Ftags&post=30045"}],"curies":[{"name":"wp","href":"https:\/\/api.w.org\/{rel}","templated":true}]}}