{"id":30061,"date":"2025-09-09T14:20:54","date_gmt":"2025-09-09T17:20:54","guid":{"rendered":"https:\/\/impactodenoticias.com.ar\/?p=30061"},"modified":"2025-09-10T11:04:58","modified_gmt":"2025-09-10T14:04:58","slug":"cortaron-el-transito-sobre-calle-urquiza-por-la-reparacion-de-un-cano-de-agua","status":"publish","type":"post","link":"https:\/\/impactodenoticias.com.ar\/?p=30061","title":{"rendered":"Cortaron el tr\u00e1nsito sobre calle Urquiza por la reparaci\u00f3n de un ca\u00f1o de agua"},"content":{"rendered":"\n<h2 class=\"wp-block-heading\">La Municipalidad de Paran\u00e1 realiz\u00f3 trabajos en un ca\u00f1o de agua potable este martes por la ma\u00f1ana en la zona c\u00e9ntrica. Debido a las labores se cort\u00f3 el tr\u00e1nsito en la transitada arteria de la ciudad.<\/h2>\n\n\n\n<p>El corte de calles se llev\u00f3 a cabo en Urquiza, entre Corrientes y Salta. En el lugar, personal repar\u00f3 un ca\u00f1o de agua potable de una vivienda de Urquiza al 811.<\/p>\n\n\n\n<p>Indicaron que no fue necesario el corte del suministro de agua, y que pasado el mediod\u00eda se rehabilitar\u00e1 el tr\u00e1nsito para los veh\u00edculos.<\/p>\n","protected":false},"excerpt":{"rendered":"<p>La Municipalidad de Paran&aacute; realiz&oacute; trabajos en un ca&ntilde;o de agua potable este martes por la ma&ntilde;ana en la zona c&eacute;ntrica. Debido a las labores se cort&oacute; el tr&aacute;nsito en la transitada arteria de la ciudad. El corte de calles se llev&oacute; a cabo en Urquiza, entre Corrientes y Salta. En el lugar, personal repar&oacute; [&hellip;]<\/p>\n","protected":false},"author":2,"featured_media":30062,"comment_status":"closed","ping_status":"closed","sticky":false,"template":"","format":"standard","meta":{"footnotes":""},"categories":[3,1902],"tags":[236,882,102,95,1383,4334],"class_list":["post-30061","post","type-post","status-publish","format-standard","has-post-thumbnail","hentry","category-locales","category-municipales","tag-calle","tag-corte","tag-municipalidad","tag-parana","tag-reparacion","tag-urquiza"],"_links":{"self":[{"href":"https:\/\/impactodenoticias.com.ar\/index.php?rest_route=\/wp\/v2\/posts\/30061","targetHints":{"allow":["GET"]}}],"collection":[{"href":"https:\/\/impactodenoticias.com.ar\/index.php?rest_route=\/wp\/v2\/posts"}],"about":[{"href":"https:\/\/impactodenoticias.com.ar\/index.php?rest_route=\/wp\/v2\/types\/post"}],"author":[{"embeddable":true,"href":"https:\/\/impactodenoticias.com.ar\/index.php?rest_route=\/wp\/v2\/users\/2"}],"replies":[{"embeddable":true,"href":"https:\/\/impactodenoticias.com.ar\/index.php?rest_route=%2Fwp%2Fv2%2Fcomments&post=30061"}],"version-history":[{"count":1,"href":"https:\/\/impactodenoticias.com.ar\/index.php?rest_route=\/wp\/v2\/posts\/30061\/revisions"}],"predecessor-version":[{"id":30063,"href":"https:\/\/impactodenoticias.com.ar\/index.php?rest_route=\/wp\/v2\/posts\/30061\/revisions\/30063"}],"wp:featuredmedia":[{"embeddable":true,"href":"https:\/\/impactodenoticias.com.ar\/index.php?rest_route=\/wp\/v2\/media\/30062"}],"wp:attachment":[{"href":"https:\/\/impactodenoticias.com.ar\/index.php?rest_route=%2Fwp%2Fv2%2Fmedia&parent=30061"}],"wp:term":[{"taxonomy":"category","embeddable":true,"href":"https:\/\/impactodenoticias.com.ar\/index.php?rest_route=%2Fwp%2Fv2%2Fcategories&post=30061"},{"taxonomy":"post_tag","embeddable":true,"href":"https:\/\/impactodenoticias.com.ar\/index.php?rest_route=%2Fwp%2Fv2%2Ftags&post=30061"}],"curies":[{"name":"wp","href":"https:\/\/api.w.org\/{rel}","templated":true}]}}