{"id":30124,"date":"2025-09-12T17:30:27","date_gmt":"2025-09-12T20:30:27","guid":{"rendered":"https:\/\/impactodenoticias.com.ar\/?p=30124"},"modified":"2025-09-13T09:34:00","modified_gmt":"2025-09-13T12:34:00","slug":"frigerio-enviara-a-la-legislatura-un-proyecto-de-ley-de-infraestructura-provincial","status":"publish","type":"post","link":"https:\/\/impactodenoticias.com.ar\/?p=30124","title":{"rendered":"Frigerio enviar\u00e1 a la legislatura un proyecto de ley de Infraestructura Provincial"},"content":{"rendered":"\n<h2 class=\"wp-block-heading\">El gobernador Rogelio Frigerio anunci\u00f3 que enviar\u00e1 a la Legislatura un proyecto de Ley de Infraestructura Provincial, una iniciativa que busca institucionalizar la planificaci\u00f3n a largo plazo de la obra p\u00fablica y evitar que dependa de la discrecionalidad de un gobierno.<\/h2>\n\n\n\n<p>Fue durante el cierre del 146\u00b0 Consejo Federal de la C\u00e1mara Argentina de la Construcci\u00f3n (Camarco) en Paran\u00e1, que reuni\u00f3 a representantes del sector de todo el pa\u00eds.<\/p>\n\n\n\n<p>El encuentro se realiz\u00f3 en el Centro Provincial de Convenciones, donde el mandatario provincial comparti\u00f3 el cierre de la jornada con la presidenta de la delegaci\u00f3n Entre R\u00edos de Camarco, Laura Here\u00f1\u00fa; el presidente de la C\u00e1mara Argentina de la Construcci\u00f3n, Gustavo Weiss; y la intendenta de Paran\u00e1, Rosario Romero. Lo acompa\u00f1aron, el secretario General de la Gobernaci\u00f3n, Mauricio Colello; y los ministros de Planeamiento, Infraestructura y Servicios, Dar\u00edo Schneider, y de Hacienda y Finanzas, Fabi\u00e1n Boleas.<\/p>\n\n\n\n<p>Durante su discurso, Frigerio hizo un balance de los avances en materia de obra p\u00fablica en estos 20 meses de gesti\u00f3n. En ese marco, asegur\u00f3 que los compromisos asumidos \u00abno quedaron solo en anuncios, est\u00e1n todos en marcha y se est\u00e1n cumpliendo. De nada sirve quedarnos en diagn\u00f3sticos si no nos animamos a tomar decisiones y a emprender esas transformaciones\u00bb. Resalt\u00f3 la importancia de la colaboraci\u00f3n para lograr los objetivos propuestos, afirmando que el mensaje \u00abes claro: con orden, transparencia, planificaci\u00f3n y di\u00e1logo entre el sector p\u00fablico y el sector privado, podemos transformar la obra p\u00fablica en desarrollo y el desarrollo en empleo genuino y en bienestar para nuestra gente\u00bb.<\/p>\n\n\n\n<p>Entre los logros mencionados, el gobernador destac\u00f3 la regularizaci\u00f3n de casi la totalidad de la deuda con las empresas constructoras, la reactivaci\u00f3n de obras paralizadas y la intervenci\u00f3n de un tercio de las escuelas, hospitales y rutas provinciales. Tambi\u00e9n hizo hincapi\u00e9 en la implementaci\u00f3n de un nuevo sistema de redeterminaci\u00f3n de precios y la creaci\u00f3n del pliego \u00fanico de condiciones generales para las obras. \u00abPor primera vez, no se pagan certificados de obras con intereses, como se ven\u00eda haciendo\u00bb, afirm\u00f3.<\/p>\n\n\n\n<p>En esa l\u00ednea, anunci\u00f3 que no se renovar\u00e1 la ley de Emergencia en obras y servicios p\u00fablicos el a\u00f1o pr\u00f3ximo y que enviar\u00e1 a la legislatura provincial una nueva ley de Compre Provincial que prioriza a las empresas locales. Subray\u00f3 tambi\u00e9n que est\u00e1n avanzando en la creaci\u00f3n de la primera cartera unificada de proyectos de infraestructura, elaborada junto con la C\u00e1mara de Construcci\u00f3n de Entre R\u00edos y el Consejo Federal de Inversiones (CFI).<\/p>\n\n\n\n<p>Afirm\u00f3 que este trabajo confluir\u00e1 en \u00abuna verdadera pol\u00edtica de Estado: la Ley de Infraestructura Provincial, que institucionalizar\u00e1 la planificaci\u00f3n a largo plazo y asegurar\u00e1 que las obras no dependan m\u00e1s de la discrecionalidad de un gobierno, sino que sean producto de una estrategia consensuada entre todos los \u00e1mbitos de la pol\u00edtica local para las pr\u00f3ximas d\u00e9cadas\u00bb.<\/p>\n\n\n\n<p><strong>La exposici\u00f3n de los ministros<\/strong><\/p>\n\n\n\n<p>En el marco del evento, tambi\u00e9n expusieron los ministros de Planeamiento, Infraestructura y Servicios, Dar\u00eda Schneider; y de Hacienda y Finanzas, Fabi\u00e1n Boleas.<\/p>\n\n\n\n<p>El ministro Schneider se refiri\u00f3 a los principales avances de la provincia en materia de obra p\u00fablica y planificaci\u00f3n estrat\u00e9gica. Destac\u00f3 como hitos la reactivaci\u00f3n de obras provinciales, la implementaci\u00f3n de herramientas digitales y la proyecci\u00f3n de m\u00e1s de 100 proyectos clave para el desarrollo entrerriano. Tambi\u00e9n mencion\u00f3 la reestructuraci\u00f3n de la deuda; el nuevo sistema de redeterminaci\u00f3n de precios; la digitalizaci\u00f3n de expedientes, adem\u00e1s de innovaciones como el uso de ladrillos PET para escuelas. Finalmente, hizo alusi\u00f3n a la importancia de la Ley de Infraestructura y su complementaci\u00f3n con la Ley de Ordenamiento Territorial.<\/p>\n\n\n\n<p>Por su parte, el ministro de Hacienda y Finanzas, Fabi\u00e1n Boleas, destac\u00f3 la jornada como un espacio clave de encuentro entre el sector p\u00fablico y privado para debatir y proyectar obras de infraestructura necesarias para el desarrollo productivo de Entre R\u00edos. Se\u00f1al\u00f3 los avances en el ordenamiento de las cuentas p\u00fablicas, estado eficiente y transparente, reducci\u00f3n del gasto pol\u00edtico, perfil de deuda sostenible y m\u00e1s inversi\u00f3n en infraestructura; y subray\u00f3 que el plan de obras busca potenciar la competitividad al reducir costos log\u00edsticos. Finalmente, remarc\u00f3 que \u00abla gesti\u00f3n del gobernador Frigerio se basa en tres pilares: un Estado eficiente, un sector privado din\u00e1mico y una articulaci\u00f3n p\u00fablico-privada que impulse el desarrollo\u00bb.<\/p>\n\n\n\n<p>El Consejo Federal de Camarco se desarroll\u00f3 en el marco de la 4ta Muestra de la Construcci\u00f3n, un evento que se extender\u00e1 hasta el domingo 14 en el Complejo Sala Mayo y que busca consolidar a Entre R\u00edos como un punto clave para potenciar el sector como motor de crecimiento e inversi\u00f3n.<\/p>\n\n\n\n<p><\/p>\n\n\n\n<figure class=\"wp-block-embed is-type-video is-provider-youtube wp-block-embed-youtube wp-embed-aspect-16-9 wp-has-aspect-ratio\"><div class=\"wp-block-embed__wrapper\">\n<iframe loading=\"lazy\" title=\"Frigerio enviar\u00e1 a la legislatura un proyecto de ley de Infraestructura Provincial\" width=\"640\" height=\"360\" src=\"https:\/\/www.youtube.com\/embed\/aMxLDfhEpKw?feature=oembed\" frameborder=\"0\" allow=\"accelerometer; autoplay; clipboard-write; encrypted-media; gyroscope; picture-in-picture; web-share\" referrerpolicy=\"strict-origin-when-cross-origin\" allowfullscreen><\/iframe>\n<\/div><\/figure>\n\n\n\n<p><\/p>\n\n\n\n<p><\/p>\n","protected":false},"excerpt":{"rendered":"<p>El gobernador Rogelio Frigerio anunci&oacute; que enviar&aacute; a la Legislatura un proyecto de Ley de Infraestructura Provincial, una iniciativa que busca institucionalizar la planificaci&oacute;n a largo plazo de la obra p&uacute;blica y evitar que dependa de la discrecionalidad de un gobierno. Fue durante el cierre del 146&deg; Consejo Federal de la C&aacute;mara Argentina de la [&hellip;]<\/p>\n","protected":false},"author":2,"featured_media":30125,"comment_status":"closed","ping_status":"closed","sticky":false,"template":"","format":"standard","meta":{"footnotes":""},"categories":[11,4],"tags":[5879,1531,1527,1705,591,39],"class_list":["post-30124","post","type-post","status-publish","format-standard","has-post-thumbnail","hentry","category-politica","category-provinciales","tag-infraestructura","tag-legislatura","tag-ley","tag-provincial","tag-proyecto","tag-rogelio-frigerio"],"_links":{"self":[{"href":"https:\/\/impactodenoticias.com.ar\/index.php?rest_route=\/wp\/v2\/posts\/30124","targetHints":{"allow":["GET"]}}],"collection":[{"href":"https:\/\/impactodenoticias.com.ar\/index.php?rest_route=\/wp\/v2\/posts"}],"about":[{"href":"https:\/\/impactodenoticias.com.ar\/index.php?rest_route=\/wp\/v2\/types\/post"}],"author":[{"embeddable":true,"href":"https:\/\/impactodenoticias.com.ar\/index.php?rest_route=\/wp\/v2\/users\/2"}],"replies":[{"embeddable":true,"href":"https:\/\/impactodenoticias.com.ar\/index.php?rest_route=%2Fwp%2Fv2%2Fcomments&post=30124"}],"version-history":[{"count":1,"href":"https:\/\/impactodenoticias.com.ar\/index.php?rest_route=\/wp\/v2\/posts\/30124\/revisions"}],"predecessor-version":[{"id":30126,"href":"https:\/\/impactodenoticias.com.ar\/index.php?rest_route=\/wp\/v2\/posts\/30124\/revisions\/30126"}],"wp:featuredmedia":[{"embeddable":true,"href":"https:\/\/impactodenoticias.com.ar\/index.php?rest_route=\/wp\/v2\/media\/30125"}],"wp:attachment":[{"href":"https:\/\/impactodenoticias.com.ar\/index.php?rest_route=%2Fwp%2Fv2%2Fmedia&parent=30124"}],"wp:term":[{"taxonomy":"category","embeddable":true,"href":"https:\/\/impactodenoticias.com.ar\/index.php?rest_route=%2Fwp%2Fv2%2Fcategories&post=30124"},{"taxonomy":"post_tag","embeddable":true,"href":"https:\/\/impactodenoticias.com.ar\/index.php?rest_route=%2Fwp%2Fv2%2Ftags&post=30124"}],"curies":[{"name":"wp","href":"https:\/\/api.w.org\/{rel}","templated":true}]}}