{"id":30130,"date":"2025-09-13T09:12:24","date_gmt":"2025-09-13T12:12:24","guid":{"rendered":"https:\/\/impactodenoticias.com.ar\/?p=30130"},"modified":"2025-09-13T09:12:24","modified_gmt":"2025-09-13T12:12:24","slug":"concepcion-del-uruguay-aprehendieron-a-dos-jovenes-que-circulaban-con-marihuana-en-una-mochila","status":"publish","type":"post","link":"https:\/\/impactodenoticias.com.ar\/?p=30130","title":{"rendered":"Concepci\u00f3n del Uruguay: aprehendieron a dos j\u00f3venes que circulaban con marihuana en una mochila"},"content":{"rendered":"\n<h2 class=\"wp-block-heading\">En un control preventivo, personal del Comando Radioel\u00e9ctrico demor\u00f3 a dos j\u00f3venes, de 17 y 19 a\u00f1os, que trasladaban estupefacientes. El procedimiento policial ocurri\u00f3 en horas de la noche cerca de las 23.30, en la intersecci\u00f3n de las calles Artusi y 14 de Julio, en Concepci\u00f3n del Uruguay.<\/h2>\n\n\n\n<p>Los agentes policiales detuvieron a los j\u00f3venes porque la bicicleta en la que andaban coincid\u00eda con las caracter\u00edsticas de una que hab\u00eda sido denunciada como robada. Al realizar una requisa de seguridad y revisar sus pertenencias, encontraron en una mochila una bolsa de nylon con una sustancia vegetal de color verde.<\/p>\n\n\n\n<p>Ante esta situaci\u00f3n, se dio intervenci\u00f3n a la Divisi\u00f3n de Drogas Peligrosas, cuyos efectivos llevaron a cabo una prueba de campo que arroj\u00f3 resultado positivo para Cannabis Sativa, con un pesaje de 26 gramos.<\/p>\n\n\n\n<p>La droga fue secuestrada por orden del fiscal interviniente, mientras que el joven de 19 a\u00f1os fue trasladado a la sede policial para su correcta identificaci\u00f3n. El menor de 17 a\u00f1os fue conducido a la Comisar\u00eda de Minoridad, poco despu\u00e9s fue entregado a sus padres.<\/p>\n","protected":false},"excerpt":{"rendered":"<p>En un control preventivo, personal del Comando Radioel&eacute;ctrico demor&oacute; a dos j&oacute;venes, de 17 y 19 a&ntilde;os, que trasladaban estupefacientes. El procedimiento policial ocurri&oacute; en horas de la noche cerca de las 23.30, en la intersecci&oacute;n de las calles Artusi y 14 de Julio, en Concepci&oacute;n del Uruguay. Los agentes policiales detuvieron a los j&oacute;venes [&hellip;]<\/p>\n","protected":false},"author":2,"featured_media":30131,"comment_status":"closed","ping_status":"closed","sticky":false,"template":"","format":"standard","meta":{"footnotes":""},"categories":[8,4],"tags":[324,138,425,1197,118],"class_list":["post-30130","post","type-post","status-publish","format-standard","has-post-thumbnail","hentry","category-policiales","category-provinciales","tag-concepcion-del-uruguay","tag-detenidos","tag-jovenes","tag-marihuana","tag-policiales"],"_links":{"self":[{"href":"https:\/\/impactodenoticias.com.ar\/index.php?rest_route=\/wp\/v2\/posts\/30130","targetHints":{"allow":["GET"]}}],"collection":[{"href":"https:\/\/impactodenoticias.com.ar\/index.php?rest_route=\/wp\/v2\/posts"}],"about":[{"href":"https:\/\/impactodenoticias.com.ar\/index.php?rest_route=\/wp\/v2\/types\/post"}],"author":[{"embeddable":true,"href":"https:\/\/impactodenoticias.com.ar\/index.php?rest_route=\/wp\/v2\/users\/2"}],"replies":[{"embeddable":true,"href":"https:\/\/impactodenoticias.com.ar\/index.php?rest_route=%2Fwp%2Fv2%2Fcomments&post=30130"}],"version-history":[{"count":1,"href":"https:\/\/impactodenoticias.com.ar\/index.php?rest_route=\/wp\/v2\/posts\/30130\/revisions"}],"predecessor-version":[{"id":30132,"href":"https:\/\/impactodenoticias.com.ar\/index.php?rest_route=\/wp\/v2\/posts\/30130\/revisions\/30132"}],"wp:featuredmedia":[{"embeddable":true,"href":"https:\/\/impactodenoticias.com.ar\/index.php?rest_route=\/wp\/v2\/media\/30131"}],"wp:attachment":[{"href":"https:\/\/impactodenoticias.com.ar\/index.php?rest_route=%2Fwp%2Fv2%2Fmedia&parent=30130"}],"wp:term":[{"taxonomy":"category","embeddable":true,"href":"https:\/\/impactodenoticias.com.ar\/index.php?rest_route=%2Fwp%2Fv2%2Fcategories&post=30130"},{"taxonomy":"post_tag","embeddable":true,"href":"https:\/\/impactodenoticias.com.ar\/index.php?rest_route=%2Fwp%2Fv2%2Ftags&post=30130"}],"curies":[{"name":"wp","href":"https:\/\/api.w.org\/{rel}","templated":true}]}}