{"id":30141,"date":"2025-09-13T09:42:12","date_gmt":"2025-09-13T12:42:12","guid":{"rendered":"https:\/\/impactodenoticias.com.ar\/?p=30141"},"modified":"2025-09-14T10:43:41","modified_gmt":"2025-09-14T13:43:41","slug":"el-intendente-de-colon-se-reunio-con-cancilleria-argentina-para-solicitar-la-relocalizaciom-de-planta-de-e-combustibles","status":"publish","type":"post","link":"https:\/\/impactodenoticias.com.ar\/?p=30141","title":{"rendered":"El intendente de Col\u00f3n se reuni\u00f3 con Canciller\u00eda argentina para solicitar la relocalizaci\u00f3m de planta de e-combustibles"},"content":{"rendered":"\n<h2 class=\"wp-block-heading\">Jos\u00e9 Luis Walser, mantuvo una reuni\u00f3n con el Subsecretario de Pol\u00edtica Exterior, Juan Manuel Navarro, en la sede del Ministerio de Relaciones Exteriores, para debatir sobre el proyecto de instalaci\u00f3n de la planta de combustibles sint\u00e9ticos en Paysand\u00fa, frente a las playas de Col\u00f3n.<\/h2>\n\n\n\n<p>Durante la reuni\u00f3n, el Intendente Walser y el Subsecretario Navarro conversaron sobre el firme pedido de relocalizaci\u00f3n de la planta, y pusieron en com\u00fan la informaci\u00f3n disponible sobre el proyecto de HIF Global. repasaron adem\u00e1s las gestiones que se vienen realizando desde Canciller\u00eda en relaci\u00f3n con este tema.<\/p>\n\n\n\n<p>El Intendente Walser subray\u00f3 tras la reuni\u00f3n que: \u201cla importancia de seguir avanzando en una agenda de trabajo con m\u00e1ximas autoridades nacionales del Ministerio de Relaciones Exteriores, para garantizar que se tomen en cuenta las preocupaciones de la comunidad de Col\u00f3n y se busquen soluciones que beneficien a todos los involucrados\u201d asegur\u00f3.<\/p>\n","protected":false},"excerpt":{"rendered":"<p>Jos&eacute; Luis Walser, mantuvo una reuni&oacute;n con el Subsecretario de Pol&iacute;tica Exterior, Juan Manuel Navarro, en la sede del Ministerio de Relaciones Exteriores, para debatir sobre el proyecto de instalaci&oacute;n de la planta de combustibles sint&eacute;ticos en Paysand&uacute;, frente a las playas de Col&oacute;n. Durante la reuni&oacute;n, el Intendente Walser y el Subsecretario Navarro conversaron [&hellip;]<\/p>\n","protected":false},"author":2,"featured_media":30142,"comment_status":"closed","ping_status":"closed","sticky":false,"template":"","format":"standard","meta":{"footnotes":""},"categories":[11,4],"tags":[466,2725,5882,5883,523,2343,310],"class_list":["post-30141","post","type-post","status-publish","format-standard","has-post-thumbnail","hentry","category-politica","category-provinciales","tag-colon","tag-combustibles","tag-jose-luis-waser","tag-juan-manuel-navarro","tag-paysandu","tag-planta","tag-reunion"],"_links":{"self":[{"href":"https:\/\/impactodenoticias.com.ar\/index.php?rest_route=\/wp\/v2\/posts\/30141","targetHints":{"allow":["GET"]}}],"collection":[{"href":"https:\/\/impactodenoticias.com.ar\/index.php?rest_route=\/wp\/v2\/posts"}],"about":[{"href":"https:\/\/impactodenoticias.com.ar\/index.php?rest_route=\/wp\/v2\/types\/post"}],"author":[{"embeddable":true,"href":"https:\/\/impactodenoticias.com.ar\/index.php?rest_route=\/wp\/v2\/users\/2"}],"replies":[{"embeddable":true,"href":"https:\/\/impactodenoticias.com.ar\/index.php?rest_route=%2Fwp%2Fv2%2Fcomments&post=30141"}],"version-history":[{"count":1,"href":"https:\/\/impactodenoticias.com.ar\/index.php?rest_route=\/wp\/v2\/posts\/30141\/revisions"}],"predecessor-version":[{"id":30143,"href":"https:\/\/impactodenoticias.com.ar\/index.php?rest_route=\/wp\/v2\/posts\/30141\/revisions\/30143"}],"wp:featuredmedia":[{"embeddable":true,"href":"https:\/\/impactodenoticias.com.ar\/index.php?rest_route=\/wp\/v2\/media\/30142"}],"wp:attachment":[{"href":"https:\/\/impactodenoticias.com.ar\/index.php?rest_route=%2Fwp%2Fv2%2Fmedia&parent=30141"}],"wp:term":[{"taxonomy":"category","embeddable":true,"href":"https:\/\/impactodenoticias.com.ar\/index.php?rest_route=%2Fwp%2Fv2%2Fcategories&post=30141"},{"taxonomy":"post_tag","embeddable":true,"href":"https:\/\/impactodenoticias.com.ar\/index.php?rest_route=%2Fwp%2Fv2%2Ftags&post=30141"}],"curies":[{"name":"wp","href":"https:\/\/api.w.org\/{rel}","templated":true}]}}