{"id":30144,"date":"2025-09-13T11:12:00","date_gmt":"2025-09-13T14:12:00","guid":{"rendered":"https:\/\/impactodenoticias.com.ar\/?p=30144"},"modified":"2025-09-14T10:43:36","modified_gmt":"2025-09-14T13:43:36","slug":"parana-la-lista-ahora-503-junto-a-la-militancia","status":"publish","type":"post","link":"https:\/\/impactodenoticias.com.ar\/?p=30144","title":{"rendered":"Paran\u00e1: la Lista \u201cAhora 503\u201d junt\u00f3 a la militancia"},"content":{"rendered":"\n<h2 class=\"wp-block-heading\">Los candidatos de la lista 503 Ahora la Patria, convocaron a un encuentro militante en Paran\u00e1. \u201cConformamos esta propuesta electoral para que los entrerrianos tengan una opci\u00f3n real para decirle basta a las pol\u00edticas de Milei y Frigerio en octubre\u201d, se\u00f1alaron.<\/h2>\n\n\n\n<p>Carolina Gaillard, Paola Rubattino, Javier Schnitman, Federico Olano, Ignacio Monn\u00e1, Evelina Kloster y Ludmila Fern\u00e1ndez solicitaron el voto para \u201cuna lista amplia, plural y diversa, conformada por mujeres y hombres con comprobada militancia a favor de los sectores populares.<\/p>\n\n\n\n<p><\/p>\n\n\n\n<figure class=\"wp-block-image size-full\"><img loading=\"lazy\" decoding=\"async\" width=\"704\" height=\"435\" src=\"https:\/\/impactodenoticias.com.ar\/wp-content\/uploads\/2025\/09\/Lista-Ahora-503.png\" alt=\"\" class=\"wp-image-30145\" srcset=\"https:\/\/impactodenoticias.com.ar\/wp-content\/uploads\/2025\/09\/Lista-Ahora-503.png 704w, https:\/\/impactodenoticias.com.ar\/wp-content\/uploads\/2025\/09\/Lista-Ahora-503-300x185.png 300w\" sizes=\"auto, (max-width: 704px) 100vw, 704px\" \/><\/figure>\n\n\n\n<p><\/p>\n\n\n\n<p>\u201cDecimos basta a Milei, basta de ajuste, basta de represi\u00f3n a nuestros jubilados, basta de agarr\u00e1rsela con los discapacitados, basta de desfinanciar nuestras universidades, basta de que nuestros salarios no alcancen para llegar a fin de mes, basta de aumentarnos las tarifas y el combustible\u201d, manifestaron al hacer uso de la palabra en el sal\u00f3n del Club Echag\u00fce.<\/p>\n\n\n\n<p>Gaillard, habl\u00f3 sobre el resultado electoral en la provincia de Buenos Aires: \u201cDecimos basta a Milei como lo dijo el pueblo de la provincia de Buenos Aires a trav\u00e9s de su voto a un frente plural con todos los sectores del peronismo y todas las fuerzas del campo nacional y popular y los movimientos sociales\u201d, destac\u00f3 la actual diputada nacional y candidata a senadora nacional.<\/p>\n\n\n\n<p>Y agreg\u00f3: \u201cEsa unidad se ve reflejada en Entre R\u00edos en la lista 503 Ahora la Patria. No en la lista del Partido Justicialista producto de la rosca de cuatro dirigentes que no permitieron elecciones internas que generaran el debate necesario luego de la derrota\u201d.<\/p>\n\n\n\n<p>\u201cNos conduce Cristina y nos representan Juan Grabois y Axel Kicillof. No nos representa Sergio Massa, indic\u00f3. En Entre R\u00edos no hay unidad. Fuimos excluidos y no vamos a estar en ning\u00fan lugar en el que desconocen a Cristina\u201d, acot\u00f3.<\/p>\n\n\n\n<p>\u201cNo somos la otra cara de la misma moneda. No queremos ser legisladores que representen a Frigerio. Nuestra lista le da la confianza a la militancia peronista y del campo popular de representar lo que el pueblo entrerriano quiere y necesita. Somos los \u00fanicos que garantizamos que en nuestras listas no hay futuros Kueider\u201d, concluy\u00f3 Gaillard.<\/p>\n","protected":false},"excerpt":{"rendered":"<p>Los candidatos de la lista 503 Ahora la Patria, convocaron a un encuentro militante en Paran&aacute;. &ldquo;Conformamos esta propuesta electoral para que los entrerrianos tengan una opci&oacute;n real para decirle basta a las pol&iacute;ticas de Milei y Frigerio en octubre&rdquo;, se&ntilde;alaron. Carolina Gaillard, Paola Rubattino, Javier Schnitman, Federico Olano, Ignacio Monn&aacute;, Evelina Kloster y Ludmila [&hellip;]<\/p>\n","protected":false},"author":2,"featured_media":30146,"comment_status":"closed","ping_status":"closed","sticky":false,"template":"","format":"standard","meta":{"footnotes":""},"categories":[11,4],"tags":[5884,590,1641,5886,5887,5885,2250,5888,3375,2718,95,310],"class_list":["post-30144","post","type-post","status-publish","format-standard","has-post-thumbnail","hentry","category-politica","category-provinciales","tag-ahora-503","tag-carolina-gaillard","tag-evelina-kloster","tag-federico-olano","tag-ignacio-monna","tag-javier-schnitman","tag-lista","tag-ludmila-fernandez","tag-militancia","tag-paola-rubattino","tag-parana","tag-reunion"],"_links":{"self":[{"href":"https:\/\/impactodenoticias.com.ar\/index.php?rest_route=\/wp\/v2\/posts\/30144","targetHints":{"allow":["GET"]}}],"collection":[{"href":"https:\/\/impactodenoticias.com.ar\/index.php?rest_route=\/wp\/v2\/posts"}],"about":[{"href":"https:\/\/impactodenoticias.com.ar\/index.php?rest_route=\/wp\/v2\/types\/post"}],"author":[{"embeddable":true,"href":"https:\/\/impactodenoticias.com.ar\/index.php?rest_route=\/wp\/v2\/users\/2"}],"replies":[{"embeddable":true,"href":"https:\/\/impactodenoticias.com.ar\/index.php?rest_route=%2Fwp%2Fv2%2Fcomments&post=30144"}],"version-history":[{"count":1,"href":"https:\/\/impactodenoticias.com.ar\/index.php?rest_route=\/wp\/v2\/posts\/30144\/revisions"}],"predecessor-version":[{"id":30147,"href":"https:\/\/impactodenoticias.com.ar\/index.php?rest_route=\/wp\/v2\/posts\/30144\/revisions\/30147"}],"wp:featuredmedia":[{"embeddable":true,"href":"https:\/\/impactodenoticias.com.ar\/index.php?rest_route=\/wp\/v2\/media\/30146"}],"wp:attachment":[{"href":"https:\/\/impactodenoticias.com.ar\/index.php?rest_route=%2Fwp%2Fv2%2Fmedia&parent=30144"}],"wp:term":[{"taxonomy":"category","embeddable":true,"href":"https:\/\/impactodenoticias.com.ar\/index.php?rest_route=%2Fwp%2Fv2%2Fcategories&post=30144"},{"taxonomy":"post_tag","embeddable":true,"href":"https:\/\/impactodenoticias.com.ar\/index.php?rest_route=%2Fwp%2Fv2%2Ftags&post=30144"}],"curies":[{"name":"wp","href":"https:\/\/api.w.org\/{rel}","templated":true}]}}