{"id":30148,"date":"2025-09-13T21:05:33","date_gmt":"2025-09-14T00:05:33","guid":{"rendered":"https:\/\/impactodenoticias.com.ar\/?p=30148"},"modified":"2025-09-14T10:43:30","modified_gmt":"2025-09-14T13:43:30","slug":"guillermo-michel-en-helicoptero-de-campana-politica-en-entre-rios","status":"publish","type":"post","link":"https:\/\/impactodenoticias.com.ar\/?p=30148","title":{"rendered":"Guillermo Michel en helic\u00f3ptero de campa\u00f1a pol\u00edtica en Entre R\u00edos"},"content":{"rendered":"\n<h2 class=\"wp-block-heading\">Ad\u00e1n Bahl y Guillermo Michel gastan un dineral en carteler\u00eda para ruta, inundando las redes sociales y los medios de comunicaci\u00f3n, las cifras son realmente millonarias.<\/h2>\n\n\n\n<p>Para este s\u00e1bado, a las 10, estaba programada una actividad en el Sindicato de Trabajadores de Luz y Fuerza de Concordia. En el encuentro se convocaba e invitaba a las mujeres a una charla en donde estar\u00edan presentes las candidatas de Fuerza Entre R\u00edos, Lista 501, Adriana Meza, Marianela Marclay y Fabiana Leiva.<\/p>\n\n\n\n<p>Al comienzo del eventro y en forma sorpresiva apareci\u00f3 en escena la figura del candidato a diputado nacional, Guillermo Mitchel, qui\u00e9n se pasaba la mano por su rostro en forma despectiva, para sacarse la pintura de labios de las mujeres que lo saludaban.<\/p>\n\n\n\n<p><\/p>\n\n\n\n<figure class=\"wp-block-embed is-type-video is-provider-youtube wp-block-embed-youtube wp-embed-aspect-9-16 wp-has-aspect-ratio\"><div class=\"wp-block-embed__wrapper\">\n<iframe loading=\"lazy\" title=\"Guillermo MItchel se limpia la cara\" width=\"540\" height=\"960\" src=\"https:\/\/www.youtube.com\/embed\/SvXlPdMITic?feature=oembed\" frameborder=\"0\" allow=\"accelerometer; autoplay; clipboard-write; encrypted-media; gyroscope; picture-in-picture; web-share\" referrerpolicy=\"strict-origin-when-cross-origin\" allowfullscreen><\/iframe>\n<\/div><\/figure>\n\n\n\n<p>Seg\u00fan se supo, Guillermo Mitchel hab\u00eda descendido de un helic\u00f3ptero en el predio del Polideportivo de la localidad de Puerto Yeru\u00e1 en horas de la ma\u00f1ana.<\/p>\n\n\n\n<p><strong>Michel lleg\u00e1 a la provincia que dice recorrer en helic\u00f3ptero<\/strong><\/p>\n\n\n\n<p><\/p>\n\n\n\n<figure class=\"wp-block-embed is-type-video is-provider-youtube wp-block-embed-youtube wp-embed-aspect-9-16 wp-has-aspect-ratio\"><div class=\"wp-block-embed__wrapper\">\n<iframe loading=\"lazy\" title=\"Mitchel haciendo campa\u00f1a en helic\u00f3ptero\" width=\"540\" height=\"960\" src=\"https:\/\/www.youtube.com\/embed\/kMv6chp8U98?feature=oembed\" frameborder=\"0\" allow=\"accelerometer; autoplay; clipboard-write; encrypted-media; gyroscope; picture-in-picture; web-share\" referrerpolicy=\"strict-origin-when-cross-origin\" allowfullscreen><\/iframe>\n<\/div><\/figure>\n\n\n\n<p><\/p>\n\n\n\n<p>Los vecinos de la peque\u00f1a localidad indicaron a Diario del SUR Digital que les pareci\u00f3 extra\u00f1o ver descender una aeronave de color verde oscuro en ese lugar. \u201cAl hombre que vino lo estaba esperando el intendente Daniel Ben\u00edtez, (quien es candidato suplente a senador de Ad\u00e1n Bahl). Luego de un saludo protocolar, se subieron en una camioneta de vidrios polarizados, para irse en direcci\u00f3n a Concordia\u201d, aseguraron residentes de la zona.<\/p>\n\n\n\n<p>Mientras el candidato \u00abquasi\u00bb porte\u00f1o recorre la provincia sin pisar una ruta, los ciudadanos caminan rubusc\u00e1ndosela para llegar a fin de mes. Lo cierto es que el realmente bochornoso observar el despilfarro de dinero que se utiliza en la campa\u00f1a de pseudo lista oficial.<br>A la hora de los votos seguramente la gente les har\u00e1 \u00abtronar el escarmiento\u00bb.<\/p>\n","protected":false},"excerpt":{"rendered":"<p>Ad&aacute;n Bahl y Guillermo Michel gastan un dineral en carteler&iacute;a para ruta, inundando las redes sociales y los medios de comunicaci&oacute;n, las cifras son realmente millonarias. Para este s&aacute;bado, a las 10, estaba programada una actividad en el Sindicato de Trabajadores de Luz y Fuerza de Concordia. En el encuentro se convocaba e invitaba a [&hellip;]<\/p>\n","protected":false},"author":2,"featured_media":30149,"comment_status":"closed","ping_status":"closed","sticky":false,"template":"","format":"standard","meta":{"footnotes":""},"categories":[11,4],"tags":[125,1971,46,4648],"class_list":["post-30148","post","type-post","status-publish","format-standard","has-post-thumbnail","hentry","category-politica","category-provinciales","tag-adan-bahl","tag-campana","tag-guillermo-michel","tag-helicoptero"],"_links":{"self":[{"href":"https:\/\/impactodenoticias.com.ar\/index.php?rest_route=\/wp\/v2\/posts\/30148","targetHints":{"allow":["GET"]}}],"collection":[{"href":"https:\/\/impactodenoticias.com.ar\/index.php?rest_route=\/wp\/v2\/posts"}],"about":[{"href":"https:\/\/impactodenoticias.com.ar\/index.php?rest_route=\/wp\/v2\/types\/post"}],"author":[{"embeddable":true,"href":"https:\/\/impactodenoticias.com.ar\/index.php?rest_route=\/wp\/v2\/users\/2"}],"replies":[{"embeddable":true,"href":"https:\/\/impactodenoticias.com.ar\/index.php?rest_route=%2Fwp%2Fv2%2Fcomments&post=30148"}],"version-history":[{"count":1,"href":"https:\/\/impactodenoticias.com.ar\/index.php?rest_route=\/wp\/v2\/posts\/30148\/revisions"}],"predecessor-version":[{"id":30150,"href":"https:\/\/impactodenoticias.com.ar\/index.php?rest_route=\/wp\/v2\/posts\/30148\/revisions\/30150"}],"wp:featuredmedia":[{"embeddable":true,"href":"https:\/\/impactodenoticias.com.ar\/index.php?rest_route=\/wp\/v2\/media\/30149"}],"wp:attachment":[{"href":"https:\/\/impactodenoticias.com.ar\/index.php?rest_route=%2Fwp%2Fv2%2Fmedia&parent=30148"}],"wp:term":[{"taxonomy":"category","embeddable":true,"href":"https:\/\/impactodenoticias.com.ar\/index.php?rest_route=%2Fwp%2Fv2%2Fcategories&post=30148"},{"taxonomy":"post_tag","embeddable":true,"href":"https:\/\/impactodenoticias.com.ar\/index.php?rest_route=%2Fwp%2Fv2%2Ftags&post=30148"}],"curies":[{"name":"wp","href":"https:\/\/api.w.org\/{rel}","templated":true}]}}