{"id":30170,"date":"2025-09-14T10:43:16","date_gmt":"2025-09-14T13:43:16","guid":{"rendered":"https:\/\/impactodenoticias.com.ar\/?p=30170"},"modified":"2025-09-14T10:43:16","modified_gmt":"2025-09-14T13:43:16","slug":"cerrito-dos-jovenes-impactaron-violentamente-contra-un-arbol-y-terminaron-volcando","status":"publish","type":"post","link":"https:\/\/impactodenoticias.com.ar\/?p=30170","title":{"rendered":"Cerrito: dos j\u00f3venes impactaron violentamente contra un \u00e1rbol y terminaron volcando"},"content":{"rendered":"\n<h2 class=\"wp-block-heading\">Un siniestro vial se registr\u00f3 esta ma\u00f1ana, aproximadamente a las 7, en Ruta Nacional 12, a la altura del kil\u00f3metro 489, en jurisdicci\u00f3n de Cerrito.<\/h2>\n\n\n\n<p>Un autom\u00f3vil Chevrolet Corsa II, dominio EDG 945, que circulaba desde Mar\u00eda Grande hacia Cerrito, despist\u00f3 por motivos que son materia de investigaci\u00f3n. El veh\u00edculo impact\u00f3 contra un \u00e1rbol y termin\u00f3 volcando.<\/p>\n\n\n\n<p>En el veh\u00edculo circulaban dos j\u00f3venes mayores de edad, quienes fueron asistidos de inmediato y trasladados al hospital local. Afortunadamente, desde el nosocomio informaron que ambos se encontraban en buen estado de salud y no presentaban lesiones de gravedad.<\/p>\n\n\n\n<p>En el lugar trabajaron efectivos de Comisar\u00eda Cerrito y Bomberos Voluntarios de la localidad, junto al personal m\u00e9dico que intervino en la asistencia.<\/p>\n","protected":false},"excerpt":{"rendered":"<p>Un siniestro vial se registr&oacute; esta ma&ntilde;ana, aproximadamente a las 7, en Ruta Nacional 12, a la altura del kil&oacute;metro 489, en jurisdicci&oacute;n de Cerrito. Un autom&oacute;vil Chevrolet Corsa II, dominio EDG 945, que circulaba desde Mar&iacute;a Grande hacia Cerrito, despist&oacute; por motivos que son materia de investigaci&oacute;n. El veh&iacute;culo impact&oacute; contra un &aacute;rbol y [&hellip;]<\/p>\n","protected":false},"author":2,"featured_media":30171,"comment_status":"closed","ping_status":"closed","sticky":false,"template":"","format":"standard","meta":{"footnotes":""},"categories":[3,8],"tags":[120,118,293,336],"class_list":["post-30170","post","type-post","status-publish","format-standard","has-post-thumbnail","hentry","category-locales","category-policiales","tag-accidente","tag-policiales","tag-ruta-12","tag-vuelco"],"_links":{"self":[{"href":"https:\/\/impactodenoticias.com.ar\/index.php?rest_route=\/wp\/v2\/posts\/30170","targetHints":{"allow":["GET"]}}],"collection":[{"href":"https:\/\/impactodenoticias.com.ar\/index.php?rest_route=\/wp\/v2\/posts"}],"about":[{"href":"https:\/\/impactodenoticias.com.ar\/index.php?rest_route=\/wp\/v2\/types\/post"}],"author":[{"embeddable":true,"href":"https:\/\/impactodenoticias.com.ar\/index.php?rest_route=\/wp\/v2\/users\/2"}],"replies":[{"embeddable":true,"href":"https:\/\/impactodenoticias.com.ar\/index.php?rest_route=%2Fwp%2Fv2%2Fcomments&post=30170"}],"version-history":[{"count":1,"href":"https:\/\/impactodenoticias.com.ar\/index.php?rest_route=\/wp\/v2\/posts\/30170\/revisions"}],"predecessor-version":[{"id":30172,"href":"https:\/\/impactodenoticias.com.ar\/index.php?rest_route=\/wp\/v2\/posts\/30170\/revisions\/30172"}],"wp:featuredmedia":[{"embeddable":true,"href":"https:\/\/impactodenoticias.com.ar\/index.php?rest_route=\/wp\/v2\/media\/30171"}],"wp:attachment":[{"href":"https:\/\/impactodenoticias.com.ar\/index.php?rest_route=%2Fwp%2Fv2%2Fmedia&parent=30170"}],"wp:term":[{"taxonomy":"category","embeddable":true,"href":"https:\/\/impactodenoticias.com.ar\/index.php?rest_route=%2Fwp%2Fv2%2Fcategories&post=30170"},{"taxonomy":"post_tag","embeddable":true,"href":"https:\/\/impactodenoticias.com.ar\/index.php?rest_route=%2Fwp%2Fv2%2Ftags&post=30170"}],"curies":[{"name":"wp","href":"https:\/\/api.w.org\/{rel}","templated":true}]}}