{"id":30211,"date":"2025-09-18T07:48:17","date_gmt":"2025-09-18T10:48:17","guid":{"rendered":"https:\/\/impactodenoticias.com.ar\/?p=30211"},"modified":"2025-09-18T07:48:17","modified_gmt":"2025-09-18T10:48:17","slug":"concepcion-del-uruguay-el-conductor-de-una-moto-embistio-a-una-nena","status":"publish","type":"post","link":"https:\/\/impactodenoticias.com.ar\/?p=30211","title":{"rendered":"Concepci\u00f3n del Uruguay: el conductor de una moto embisti\u00f3 a una nena"},"content":{"rendered":"\n<h2 class=\"wp-block-heading\">Un grave accidente de tr\u00e1nsito se registr\u00f3 este mi\u00e9rcoles al mediod\u00eda, en la intersecci\u00f3n de Ana Urquiza de Victorica y Paloma Efron, en Concepci\u00f3n del Uruguay.<\/h2>\n\n\n\n<p>Una motocicleta Honda Wave, conducida por un joven de 28 a\u00f1os, circulaba de Norte a Sur por calle Ana U. de Victorica cuando, por causas que se investigan, embisti\u00f3 a una ni\u00f1a de 8 a\u00f1os que se encontraba en el lugar.<\/p>\n\n\n\n<p>La menor fue trasladada r\u00e1pidamente al Hospital Justo Jos\u00e9 de Urquiza, donde el m\u00e9dico policial confirm\u00f3 fractura de tibia y peron\u00e9 en la pierna izquierda, las lesiones fueron caratuladas como graves.<\/p>\n\n\n\n<p>Por disposici\u00f3n de la Fiscal\u00eda en turno, se secuestr\u00f3 la moto, se orden\u00f3 la extracci\u00f3n de sangre al conductor y relevamiento de c\u00e1maras de seguridad para determinar la mec\u00e1nica del accidente.<\/p>\n","protected":false},"excerpt":{"rendered":"<p>Un grave accidente de tr&aacute;nsito se registr&oacute; este mi&eacute;rcoles al mediod&iacute;a, en la intersecci&oacute;n de Ana Urquiza de Victorica y Paloma Efron, en Concepci&oacute;n del Uruguay. Una motocicleta Honda Wave, conducida por un joven de 28 a&ntilde;os, circulaba de Norte a Sur por calle Ana U. de Victorica cuando, por causas que se investigan, embisti&oacute; [&hellip;]<\/p>\n","protected":false},"author":2,"featured_media":30212,"comment_status":"closed","ping_status":"closed","sticky":false,"template":"","format":"standard","meta":{"footnotes":""},"categories":[8,4],"tags":[120,324,2055,388,499,118],"class_list":["post-30211","post","type-post","status-publish","format-standard","has-post-thumbnail","hentry","category-policiales","category-provinciales","tag-accidente","tag-concepcion-del-uruguay","tag-herida","tag-moto","tag-nena","tag-policiales"],"_links":{"self":[{"href":"https:\/\/impactodenoticias.com.ar\/index.php?rest_route=\/wp\/v2\/posts\/30211","targetHints":{"allow":["GET"]}}],"collection":[{"href":"https:\/\/impactodenoticias.com.ar\/index.php?rest_route=\/wp\/v2\/posts"}],"about":[{"href":"https:\/\/impactodenoticias.com.ar\/index.php?rest_route=\/wp\/v2\/types\/post"}],"author":[{"embeddable":true,"href":"https:\/\/impactodenoticias.com.ar\/index.php?rest_route=\/wp\/v2\/users\/2"}],"replies":[{"embeddable":true,"href":"https:\/\/impactodenoticias.com.ar\/index.php?rest_route=%2Fwp%2Fv2%2Fcomments&post=30211"}],"version-history":[{"count":1,"href":"https:\/\/impactodenoticias.com.ar\/index.php?rest_route=\/wp\/v2\/posts\/30211\/revisions"}],"predecessor-version":[{"id":30213,"href":"https:\/\/impactodenoticias.com.ar\/index.php?rest_route=\/wp\/v2\/posts\/30211\/revisions\/30213"}],"wp:featuredmedia":[{"embeddable":true,"href":"https:\/\/impactodenoticias.com.ar\/index.php?rest_route=\/wp\/v2\/media\/30212"}],"wp:attachment":[{"href":"https:\/\/impactodenoticias.com.ar\/index.php?rest_route=%2Fwp%2Fv2%2Fmedia&parent=30211"}],"wp:term":[{"taxonomy":"category","embeddable":true,"href":"https:\/\/impactodenoticias.com.ar\/index.php?rest_route=%2Fwp%2Fv2%2Fcategories&post=30211"},{"taxonomy":"post_tag","embeddable":true,"href":"https:\/\/impactodenoticias.com.ar\/index.php?rest_route=%2Fwp%2Fv2%2Ftags&post=30211"}],"curies":[{"name":"wp","href":"https:\/\/api.w.org\/{rel}","templated":true}]}}