{"id":30277,"date":"2025-09-21T09:23:57","date_gmt":"2025-09-21T12:23:57","guid":{"rendered":"https:\/\/impactodenoticias.com.ar\/?p=30277"},"modified":"2025-09-21T09:29:23","modified_gmt":"2025-09-21T12:29:23","slug":"victoria-operativo-vehicular-permitio-el-secuestro-de-droga-cristal","status":"publish","type":"post","link":"https:\/\/impactodenoticias.com.ar\/?p=30277","title":{"rendered":"Victoria: operativo vehicular permiti\u00f3 el secuestro de droga \u00abCristal\u00bb"},"content":{"rendered":"\n<h2 class=\"wp-block-heading\">Un operativo de control vehicular llevado a cabo en la ciudad de Victoria termin\u00f3 con el secuestro de una sustancia sint\u00e9tica conocida como \u201ccristal\u201d, luego de la intervenci\u00f3n conjunta de Gendarmer\u00eda Nacional, la Divisi\u00f3n Drogas Peligrosas Victoria, el Grupo Especial y personal del Puesto Caminero.<\/h2>\n\n\n\n<p>Seg\u00fan se inform\u00f3 a IMPACTO DE NOTICIAS, el operativo se llev\u00f3 adelante durante la inspecci\u00f3n de un autom\u00f3vil, en el que se desplazaban cuatro hombres. Al descender los ocupantes, los efectivos detectaron un estuche gris abierto en el compartimento de la puerta del acompa\u00f1ante.<\/p>\n\n\n\n<p>En su interior se detect\u00f3 una bolsa tipo ziploc con piedras cristalinas de tonalidad amarronada, presuntamente pertenecientes al estupefaciente sint\u00e9tico.<\/p>\n\n\n\n<p>El material fue secuestrado y qued\u00f3 a disposici\u00f3n del Juzgado Federal de Victoria, a cargo de Federico Martin, con intervenci\u00f3n de la Fiscal\u00eda Federal de Nicol\u00e1s Beltzer.<\/p>\n","protected":false},"excerpt":{"rendered":"<p>Un operativo de control vehicular llevado a cabo en la ciudad de Victoria termin&oacute; con el secuestro de una sustancia sint&eacute;tica conocida como &ldquo;cristal&rdquo;, luego de la intervenci&oacute;n conjunta de Gendarmer&iacute;a Nacional, la Divisi&oacute;n Drogas Peligrosas Victoria, el Grupo Especial y personal del Puesto Caminero. Seg&uacute;n se inform&oacute; a IMPACTO DE NOTICIAS, el operativo se [&hellip;]<\/p>\n","protected":false},"author":2,"featured_media":30278,"comment_status":"closed","ping_status":"closed","sticky":false,"template":"","format":"standard","meta":{"footnotes":""},"categories":[8,4],"tags":[5915,290,118,220,568],"class_list":["post-30277","post","type-post","status-publish","format-standard","has-post-thumbnail","hentry","category-policiales","category-provinciales","tag-cristal","tag-droga","tag-policiales","tag-secuestro","tag-victoria"],"_links":{"self":[{"href":"https:\/\/impactodenoticias.com.ar\/index.php?rest_route=\/wp\/v2\/posts\/30277","targetHints":{"allow":["GET"]}}],"collection":[{"href":"https:\/\/impactodenoticias.com.ar\/index.php?rest_route=\/wp\/v2\/posts"}],"about":[{"href":"https:\/\/impactodenoticias.com.ar\/index.php?rest_route=\/wp\/v2\/types\/post"}],"author":[{"embeddable":true,"href":"https:\/\/impactodenoticias.com.ar\/index.php?rest_route=\/wp\/v2\/users\/2"}],"replies":[{"embeddable":true,"href":"https:\/\/impactodenoticias.com.ar\/index.php?rest_route=%2Fwp%2Fv2%2Fcomments&post=30277"}],"version-history":[{"count":1,"href":"https:\/\/impactodenoticias.com.ar\/index.php?rest_route=\/wp\/v2\/posts\/30277\/revisions"}],"predecessor-version":[{"id":30279,"href":"https:\/\/impactodenoticias.com.ar\/index.php?rest_route=\/wp\/v2\/posts\/30277\/revisions\/30279"}],"wp:featuredmedia":[{"embeddable":true,"href":"https:\/\/impactodenoticias.com.ar\/index.php?rest_route=\/wp\/v2\/media\/30278"}],"wp:attachment":[{"href":"https:\/\/impactodenoticias.com.ar\/index.php?rest_route=%2Fwp%2Fv2%2Fmedia&parent=30277"}],"wp:term":[{"taxonomy":"category","embeddable":true,"href":"https:\/\/impactodenoticias.com.ar\/index.php?rest_route=%2Fwp%2Fv2%2Fcategories&post=30277"},{"taxonomy":"post_tag","embeddable":true,"href":"https:\/\/impactodenoticias.com.ar\/index.php?rest_route=%2Fwp%2Fv2%2Ftags&post=30277"}],"curies":[{"name":"wp","href":"https:\/\/api.w.org\/{rel}","templated":true}]}}