{"id":3029,"date":"2024-08-23T11:33:56","date_gmt":"2024-08-23T14:33:56","guid":{"rendered":"https:\/\/impactodenoticias.com.ar\/?p=3029"},"modified":"2024-08-24T11:03:12","modified_gmt":"2024-08-24T14:03:12","slug":"un-dia-mas-sin-colectivos-en-parana-y-area-metropolitana-que-perjudica-directamente-a-los-usuarios","status":"publish","type":"post","link":"https:\/\/impactodenoticias.com.ar\/?p=3029","title":{"rendered":"Un d\u00eda m\u00e1s sin colectivos en Paran\u00e1 y \u00c1rea Metropolitana, que perjudica directamente a los usuarios"},"content":{"rendered":"\n<p><strong>El paro de colectivos en Paran\u00e1 y \u00c1rea Metropolitana rige hasta viernes 23 de agosto. Debido a esta situaci\u00f3n, el servicio reci\u00e9n retornar\u00e1 este s\u00e1bado 24 de agosto, en los horarios habituales para el fin de semana. Generando como es habitual un problema a los vecinos y vecinas que utilizan este tipo de transporte.<\/strong><\/p>\n\n\n\n<p>La Seccional Entre R\u00edos de la Uni\u00f3n Tranviarios Automotor (UTA) adhiri\u00f3 al paro de 48 horas dispuesto por el gremio para este jueves y viernes a nivel nacional, tras no arribar a un acuerdo salarial con los empresarios del transporte.<\/p>\n\n\n\n<p>La medida de fuerza ya hab\u00eda sido anunciada d\u00edas atr\u00e1s, pero se termin\u00f3 de ratificar este mi\u00e9rcoles de tarde, tras que no se llegara a un acuerdo en la negociaci\u00f3n con la Fatap, en la reuni\u00f3n tambi\u00e9n estuvieron presentes funcionarios del Ministerio de Capital Humano.<\/p>\n\n\n\n<p>Esta huelga no tiene vinculaci\u00f3n con el conflicto que existe a nivel local en Paran\u00e1, donde rige una conciliaci\u00f3n obligatoria dictada tras el paro de choferes del \u00faltimo fin de semana. No obstante, al tratarse de una disputa de jurisdicci\u00f3n nacional, los trabajadores est\u00e1n habilitados a llevar adelante la retenci\u00f3n del servicio en la capital este jueves y viernes, y generar un nuevo perjuicio a los vecinos de la ciudad de Paran\u00e1, San Benito, Oro Verde y Colonia Avellaneda, que utilizan los colectivos para ir al trabajo, hospitales y otro tipo de tr\u00e1mites.<\/p>\n\n\n\n<p><strong>\u00daltimo momento: la audiencia de conciliaci\u00f3n entre UTA y Buses Paran\u00e1 de este viernes termin\u00f3 sin acuerdo y habr\u00e1 nueva audiencia el lunes. <\/strong><\/p>\n","protected":false},"excerpt":{"rendered":"<p>El paro de colectivos en Paran&aacute; y &Aacute;rea Metropolitana rige hasta viernes 23 de agosto. Debido a esta situaci&oacute;n, el servicio reci&eacute;n retornar&aacute; este s&aacute;bado 24 de agosto, en los horarios habituales para el fin de semana. Generando como es habitual un problema a los vecinos y vecinas que utilizan este tipo de transporte. La [&hellip;]<\/p>\n","protected":false},"author":2,"featured_media":3030,"comment_status":"open","ping_status":"open","sticky":false,"template":"","format":"standard","meta":{"footnotes":""},"categories":[91,3],"tags":[348,95,59,365],"class_list":["post-3029","post","type-post","status-publish","format-standard","has-post-thumbnail","hentry","category-gremiales","category-locales","tag-colectivos","tag-parana","tag-paro","tag-uta"],"_links":{"self":[{"href":"https:\/\/impactodenoticias.com.ar\/index.php?rest_route=\/wp\/v2\/posts\/3029","targetHints":{"allow":["GET"]}}],"collection":[{"href":"https:\/\/impactodenoticias.com.ar\/index.php?rest_route=\/wp\/v2\/posts"}],"about":[{"href":"https:\/\/impactodenoticias.com.ar\/index.php?rest_route=\/wp\/v2\/types\/post"}],"author":[{"embeddable":true,"href":"https:\/\/impactodenoticias.com.ar\/index.php?rest_route=\/wp\/v2\/users\/2"}],"replies":[{"embeddable":true,"href":"https:\/\/impactodenoticias.com.ar\/index.php?rest_route=%2Fwp%2Fv2%2Fcomments&post=3029"}],"version-history":[{"count":2,"href":"https:\/\/impactodenoticias.com.ar\/index.php?rest_route=\/wp\/v2\/posts\/3029\/revisions"}],"predecessor-version":[{"id":3033,"href":"https:\/\/impactodenoticias.com.ar\/index.php?rest_route=\/wp\/v2\/posts\/3029\/revisions\/3033"}],"wp:featuredmedia":[{"embeddable":true,"href":"https:\/\/impactodenoticias.com.ar\/index.php?rest_route=\/wp\/v2\/media\/3030"}],"wp:attachment":[{"href":"https:\/\/impactodenoticias.com.ar\/index.php?rest_route=%2Fwp%2Fv2%2Fmedia&parent=3029"}],"wp:term":[{"taxonomy":"category","embeddable":true,"href":"https:\/\/impactodenoticias.com.ar\/index.php?rest_route=%2Fwp%2Fv2%2Fcategories&post=3029"},{"taxonomy":"post_tag","embeddable":true,"href":"https:\/\/impactodenoticias.com.ar\/index.php?rest_route=%2Fwp%2Fv2%2Ftags&post=3029"}],"curies":[{"name":"wp","href":"https:\/\/api.w.org\/{rel}","templated":true}]}}