{"id":30290,"date":"2025-09-22T09:40:53","date_gmt":"2025-09-22T12:40:53","guid":{"rendered":"https:\/\/impactodenoticias.com.ar\/?p=30290"},"modified":"2025-09-22T09:40:53","modified_gmt":"2025-09-22T12:40:53","slug":"grave-situacion-se-registro-en-la-paz-un-violento-sujeto-amenazo-con-un-arma-a-una-mujer-y-su-hija-y-escapo","status":"publish","type":"post","link":"https:\/\/impactodenoticias.com.ar\/?p=30290","title":{"rendered":"Grave situaci\u00f3n se registr\u00f3 en La Paz: un violento sujeto amenaz\u00f3 con un arma a una mujer y su hija y escap\u00f3"},"content":{"rendered":"\n<h2 class=\"wp-block-heading\">Un hombre de 45 a\u00f1os fue denunciado por su expareja y la hija de \u00e9sta, de 39 y 19 a\u00f1os, de haberlas amenazado con un arma de fuego, hecho que ocurri\u00f3 en horas de la tarde de este domingo en La Paz.<\/h2>\n\n\n\n<p>Una mujer de 39 a\u00f1os y su hija de 19, denunciaron que se present\u00f3 el exconcubino de la primera, de 45 a\u00f1os, quien las increp\u00f3 y amenaz\u00f3 de muerte exhibiendo un arma de fuego que llevaba en un bolso, seg\u00fan informaci\u00f3n brindada desde la Departamental La Paz de Polic\u00eda. El hecho se produjo aproximadamente a las 16:30 en un domicilio de barrio Plan Evita Mil.<\/p>\n\n\n\n<p>Ante la amenaza, \u201cuna familiar intent\u00f3 interponerse y las damnificadas aprovecharon para dar aviso a la Polic\u00eda, lo que motiv\u00f3 que el violento se diera a la fuga, abandonando en el lugar la mochila, en su interior se hall\u00f3 una carabina calibre .22 Remington dentro de una funda verde, adem\u00e1s de seis cartuchos del mismo calibre\u201c, precisaron desde la fuerza policial.<\/p>\n\n\n\n<p>Informada la Fiscal\u00eda de La Paz, se orden\u00f3 la recepci\u00f3n de la denuncia a las v\u00edctimas y el secuestro del arma, quedando el hecho bajo investigaci\u00f3n.<\/p>\n\n\n\n<p><\/p>\n\n\n\n<figure class=\"wp-block-image size-large\"><img loading=\"lazy\" decoding=\"async\" width=\"1024\" height=\"724\" src=\"https:\/\/impactodenoticias.com.ar\/wp-content\/uploads\/2025\/09\/Agregar-un-titulo-2-2-1024x724.png\" alt=\"\" class=\"wp-image-30292\" srcset=\"https:\/\/impactodenoticias.com.ar\/wp-content\/uploads\/2025\/09\/Agregar-un-titulo-2-2-1024x724.png 1024w, https:\/\/impactodenoticias.com.ar\/wp-content\/uploads\/2025\/09\/Agregar-un-titulo-2-2-300x212.png 300w, https:\/\/impactodenoticias.com.ar\/wp-content\/uploads\/2025\/09\/Agregar-un-titulo-2-2-768x543.png 768w, https:\/\/impactodenoticias.com.ar\/wp-content\/uploads\/2025\/09\/Agregar-un-titulo-2-2.png 1088w\" sizes=\"auto, (max-width: 1024px) 100vw, 1024px\" \/><\/figure>\n\n\n\n<p><\/p>\n\n\n\n<p><\/p>\n","protected":false},"excerpt":{"rendered":"<p>Un hombre de 45 a&ntilde;os fue denunciado por su expareja y la hija de &eacute;sta, de 39 y 19 a&ntilde;os, de haberlas amenazado con un arma de fuego, hecho que ocurri&oacute; en horas de la tarde de este domingo en La Paz. Una mujer de 39 a&ntilde;os y su hija de 19, denunciaron que se [&hellip;]<\/p>\n","protected":false},"author":2,"featured_media":30291,"comment_status":"closed","ping_status":"closed","sticky":false,"template":"","format":"standard","meta":{"footnotes":""},"categories":[8,4],"tags":[1080,1108,2657,459,146,118],"class_list":["post-30290","post","type-post","status-publish","format-standard","has-post-thumbnail","hentry","category-policiales","category-provinciales","tag-amenaza","tag-arma","tag-expareja","tag-fuego","tag-hombre","tag-policiales"],"_links":{"self":[{"href":"https:\/\/impactodenoticias.com.ar\/index.php?rest_route=\/wp\/v2\/posts\/30290","targetHints":{"allow":["GET"]}}],"collection":[{"href":"https:\/\/impactodenoticias.com.ar\/index.php?rest_route=\/wp\/v2\/posts"}],"about":[{"href":"https:\/\/impactodenoticias.com.ar\/index.php?rest_route=\/wp\/v2\/types\/post"}],"author":[{"embeddable":true,"href":"https:\/\/impactodenoticias.com.ar\/index.php?rest_route=\/wp\/v2\/users\/2"}],"replies":[{"embeddable":true,"href":"https:\/\/impactodenoticias.com.ar\/index.php?rest_route=%2Fwp%2Fv2%2Fcomments&post=30290"}],"version-history":[{"count":1,"href":"https:\/\/impactodenoticias.com.ar\/index.php?rest_route=\/wp\/v2\/posts\/30290\/revisions"}],"predecessor-version":[{"id":30293,"href":"https:\/\/impactodenoticias.com.ar\/index.php?rest_route=\/wp\/v2\/posts\/30290\/revisions\/30293"}],"wp:featuredmedia":[{"embeddable":true,"href":"https:\/\/impactodenoticias.com.ar\/index.php?rest_route=\/wp\/v2\/media\/30291"}],"wp:attachment":[{"href":"https:\/\/impactodenoticias.com.ar\/index.php?rest_route=%2Fwp%2Fv2%2Fmedia&parent=30290"}],"wp:term":[{"taxonomy":"category","embeddable":true,"href":"https:\/\/impactodenoticias.com.ar\/index.php?rest_route=%2Fwp%2Fv2%2Fcategories&post=30290"},{"taxonomy":"post_tag","embeddable":true,"href":"https:\/\/impactodenoticias.com.ar\/index.php?rest_route=%2Fwp%2Fv2%2Ftags&post=30290"}],"curies":[{"name":"wp","href":"https:\/\/api.w.org\/{rel}","templated":true}]}}