{"id":30309,"date":"2025-09-23T09:14:18","date_gmt":"2025-09-23T12:14:18","guid":{"rendered":"https:\/\/impactodenoticias.com.ar\/?p=30309"},"modified":"2025-09-25T09:51:50","modified_gmt":"2025-09-25T12:51:50","slug":"frigerio-y-el-sindrome-del-pato-rengo","status":"publish","type":"post","link":"https:\/\/impactodenoticias.com.ar\/?p=30309","title":{"rendered":"Frigerio y el s\u00edndrome del pato rengo"},"content":{"rendered":"\n<h2 class=\"wp-block-heading\">En pol\u00edtica, el \u201cpato rengo\u201d es aquel gobernante que, aunque mantiene el poder formal, ha perdido la capacidad real de decisi\u00f3n, de conducci\u00f3n y de influencia sobre la agenda p\u00fablica. Rogelio Frigerio encarna este s\u00edndrome en Entre R\u00edos desde el inicio de su mandato, y lo profundiza d\u00eda tras d\u00eda.<\/h2>\n\n\n\n<ul class=\"wp-block-list\">\n<li>Por Mg. Cr. \u00c1lvaro Gab\u00e1s<\/li>\n<\/ul>\n\n\n\n<p>El gobernador eligi\u00f3 caminar a la sombra de Javier Milei. Renunci\u00f3 a construir un liderazgo propio en la regi\u00f3n centro y desperdici\u00f3 la posibilidad de erigirse como referente federal. En lugar de eso, se subordin\u00f3 a un proyecto autori-tario y centralista que castiga a las provincias. Hoy, lejos del federalismo y sin margen pol\u00edtico, Frigerio aparece reducido a un mero delegado del poder nacional.<\/p>\n\n\n\n<p>La legitimidad de su gesti\u00f3n se erosiona r\u00e1pidamente. Los \u00faltimos resultados electorales en la Provincia de Buenos Aires fueron un golpe de realidad: la sociedad ya expresa un claro rechazo al modelo de ajuste y exclusi\u00f3n de Milei. Y Frigerio, aunque con otras formas ret\u00f3ricas, aplic\u00f3 la misma receta en Entre R\u00edos.<\/p>\n\n\n\n<p><strong>El saldo est\u00e1 a la vista:<\/strong><\/p>\n\n\n\n<ul class=\"wp-block-list\">\n<li>Ajuste fiscal brutal que paraliz\u00f3 la obra p\u00fablica y ca\u00edda del salario real.<\/li>\n\n\n\n<li>Desmantelamiento de la salud (Iosper) y degradaci\u00f3n de la educaci\u00f3n.<\/li>\n\n\n\n<li>Endeudamiento provincial que hipoteca el futuro.<\/li>\n\n\n\n<li>Ausencia total de pol\u00edticas de compensaci\u00f3n social.<\/li>\n\n\n\n<li>Una elocuente indiferencia a las necesidades de los entrerrianos.<\/li>\n<\/ul>\n\n\n\n<p>El resultado: un gobernador debilitado, atrapado en la l\u00f3gica del sometimiento, sin capacidad de reacci\u00f3n. La alianza con La Libertad Avanza no muestra futuro, carece de signos vitales y evidencia m\u00e1s subordinaci\u00f3n que estrategia.<\/p>\n\n\n\n<p>Por primera vez, un gobernador entrerriano llega a la antesala de las elecciones de medio t\u00e9rmino con el \u201cs\u00edndrome del pato rengo\u201d instalado en su propia gesti\u00f3n. Frigerio gobierna con poder formal, pero con un poder pol\u00edtico socavado.<\/p>\n","protected":false},"excerpt":{"rendered":"<p>En pol&iacute;tica, el &ldquo;pato rengo&rdquo; es aquel gobernante que, aunque mantiene el poder formal, ha perdido la capacidad real de decisi&oacute;n, de conducci&oacute;n y de influencia sobre la agenda p&uacute;blica. Rogelio Frigerio encarna este s&iacute;ndrome en Entre R&iacute;os desde el inicio de su mandato, y lo profundiza d&iacute;a tras d&iacute;a. El gobernador eligi&oacute; caminar a [&hellip;]<\/p>\n","protected":false},"author":2,"featured_media":30310,"comment_status":"closed","ping_status":"closed","sticky":false,"template":"","format":"standard","meta":{"footnotes":""},"categories":[11,4],"tags":[5928,39,5927],"class_list":["post-30309","post","type-post","status-publish","format-standard","has-post-thumbnail","hentry","category-politica","category-provinciales","tag-pato-rengo","tag-rogelio-frigerio","tag-sindrome"],"_links":{"self":[{"href":"https:\/\/impactodenoticias.com.ar\/index.php?rest_route=\/wp\/v2\/posts\/30309","targetHints":{"allow":["GET"]}}],"collection":[{"href":"https:\/\/impactodenoticias.com.ar\/index.php?rest_route=\/wp\/v2\/posts"}],"about":[{"href":"https:\/\/impactodenoticias.com.ar\/index.php?rest_route=\/wp\/v2\/types\/post"}],"author":[{"embeddable":true,"href":"https:\/\/impactodenoticias.com.ar\/index.php?rest_route=\/wp\/v2\/users\/2"}],"replies":[{"embeddable":true,"href":"https:\/\/impactodenoticias.com.ar\/index.php?rest_route=%2Fwp%2Fv2%2Fcomments&post=30309"}],"version-history":[{"count":1,"href":"https:\/\/impactodenoticias.com.ar\/index.php?rest_route=\/wp\/v2\/posts\/30309\/revisions"}],"predecessor-version":[{"id":30311,"href":"https:\/\/impactodenoticias.com.ar\/index.php?rest_route=\/wp\/v2\/posts\/30309\/revisions\/30311"}],"wp:featuredmedia":[{"embeddable":true,"href":"https:\/\/impactodenoticias.com.ar\/index.php?rest_route=\/wp\/v2\/media\/30310"}],"wp:attachment":[{"href":"https:\/\/impactodenoticias.com.ar\/index.php?rest_route=%2Fwp%2Fv2%2Fmedia&parent=30309"}],"wp:term":[{"taxonomy":"category","embeddable":true,"href":"https:\/\/impactodenoticias.com.ar\/index.php?rest_route=%2Fwp%2Fv2%2Fcategories&post=30309"},{"taxonomy":"post_tag","embeddable":true,"href":"https:\/\/impactodenoticias.com.ar\/index.php?rest_route=%2Fwp%2Fv2%2Ftags&post=30309"}],"curies":[{"name":"wp","href":"https:\/\/api.w.org\/{rel}","templated":true}]}}