{"id":30324,"date":"2025-09-23T11:12:28","date_gmt":"2025-09-23T14:12:28","guid":{"rendered":"https:\/\/impactodenoticias.com.ar\/?p=30324"},"modified":"2025-09-23T11:12:34","modified_gmt":"2025-09-23T14:12:34","slug":"viale-una-nina-de-2-anos-fue-atacada-por-un-rottweiler-en-su-casa-y-tuvo-que-ser-internada-en-el-hospital-san-roque","status":"publish","type":"post","link":"https:\/\/impactodenoticias.com.ar\/?p=30324","title":{"rendered":"Viale: una ni\u00f1a de 2 a\u00f1os fue atacada por un rottweiler en su casa y tuvo que ser internada en el hospital San Roque"},"content":{"rendered":"\n<h2 class=\"wp-block-heading\">Un grave hecho se registr\u00f3 este lunes al mediod\u00eda a la ciudad de Viale. Alrededor de las 13, en el barrio Centenario, una ni\u00f1a de dos a\u00f1os identificada como Mar\u00eda Paz fue atacada por un perro cruza de rottweiler mestizo, propiedad de su propia familia.<\/h2>\n\n\n\n<p>El ataque, cuyas causas a\u00fan son investigadas por las autoridades, desat\u00f3 momentos de tensi\u00f3n y desesperaci\u00f3n entre los familiares presentes, quienes intentaron frenar la agresi\u00f3n del animal para evitar que la peque\u00f1a fuera lastimada aun m\u00e1s.<\/p>\n\n\n\n<p>Debido a la gravedad de las heridas producidas por el can, Mar\u00eda Paz tuvo que ser trasladada de urgencia al Hospital Materno Infantil San Roque de Paran\u00e1, donde permanece internada en estado cr\u00edtico.<\/p>\n\n\n\n<p>La mam\u00e1 de la nena escribi\u00f3 esta tarde en las redes sociales: \u201cMar\u00eda Paz responde a los est\u00edmulos. La est\u00e1n poniendo en terapia intensiva. Es para poder tratar un abollamiento y fractura de cr\u00e1neo. Van a saturar. Luego todo bajo control\u201d.<\/p>\n\n\n\n<p>La Polic\u00eda tom\u00f3 intervenci\u00f3n en el caso e inform\u00f3 al Ministerio P\u00fablico Fiscal, que continuar\u00e1 con las actuaciones del caso.<\/p>\n","protected":false},"excerpt":{"rendered":"<p>Un grave hecho se registr&oacute; este lunes al mediod&iacute;a a la ciudad de Viale. Alrededor de las 13, en el barrio Centenario, una ni&ntilde;a de dos a&ntilde;os identificada como Mar&iacute;a Paz fue atacada por un perro cruza de rottweiler mestizo, propiedad de su propia familia. El ataque, cuyas causas a&uacute;n son investigadas por las autoridades, [&hellip;]<\/p>\n","protected":false},"author":2,"featured_media":30325,"comment_status":"closed","ping_status":"closed","sticky":false,"template":"","format":"standard","meta":{"footnotes":""},"categories":[3,8],"tags":[183,666,118,5930,1412],"class_list":["post-30324","post","type-post","status-publish","format-standard","has-post-thumbnail","hentry","category-locales","category-policiales","tag-ataque","tag-nina","tag-policiales","tag-rottweiler","tag-viale"],"_links":{"self":[{"href":"https:\/\/impactodenoticias.com.ar\/index.php?rest_route=\/wp\/v2\/posts\/30324","targetHints":{"allow":["GET"]}}],"collection":[{"href":"https:\/\/impactodenoticias.com.ar\/index.php?rest_route=\/wp\/v2\/posts"}],"about":[{"href":"https:\/\/impactodenoticias.com.ar\/index.php?rest_route=\/wp\/v2\/types\/post"}],"author":[{"embeddable":true,"href":"https:\/\/impactodenoticias.com.ar\/index.php?rest_route=\/wp\/v2\/users\/2"}],"replies":[{"embeddable":true,"href":"https:\/\/impactodenoticias.com.ar\/index.php?rest_route=%2Fwp%2Fv2%2Fcomments&post=30324"}],"version-history":[{"count":1,"href":"https:\/\/impactodenoticias.com.ar\/index.php?rest_route=\/wp\/v2\/posts\/30324\/revisions"}],"predecessor-version":[{"id":30326,"href":"https:\/\/impactodenoticias.com.ar\/index.php?rest_route=\/wp\/v2\/posts\/30324\/revisions\/30326"}],"wp:featuredmedia":[{"embeddable":true,"href":"https:\/\/impactodenoticias.com.ar\/index.php?rest_route=\/wp\/v2\/media\/30325"}],"wp:attachment":[{"href":"https:\/\/impactodenoticias.com.ar\/index.php?rest_route=%2Fwp%2Fv2%2Fmedia&parent=30324"}],"wp:term":[{"taxonomy":"category","embeddable":true,"href":"https:\/\/impactodenoticias.com.ar\/index.php?rest_route=%2Fwp%2Fv2%2Fcategories&post=30324"},{"taxonomy":"post_tag","embeddable":true,"href":"https:\/\/impactodenoticias.com.ar\/index.php?rest_route=%2Fwp%2Fv2%2Ftags&post=30324"}],"curies":[{"name":"wp","href":"https:\/\/api.w.org\/{rel}","templated":true}]}}